{"id":1439,"date":"2020-06-03T23:25:56","date_gmt":"2020-06-03T21:25:56","guid":{"rendered":"http:\/\/cuellarcot.com\/?p=1439"},"modified":"2020-06-04T01:05:15","modified_gmt":"2020-06-03T23:05:15","slug":"incorporacion-al-equipo-de-asier-cuellar","status":"publish","type":"post","link":"https:\/\/cuellarcot.com\/index.php\/2020\/06\/03\/incorporacion-al-equipo-de-asier-cuellar\/","title":{"rendered":"Incorporaci\u00f3n al equipo de Asier Cu\u00e9llar Ayestar\u00e1n"},"content":{"rendered":"<p align=\"JUSTIFY\"><span style=\"font-family: Arial, serif; color: #000000;\"><span style=\"font-size: medium;\"><b>Incorporaci\u00f3n al equipo de <a href=\"http:\/\/cuellarcot.com\/index.php\/sobre-nosotros\/dr-asier-cuellar-ayestaran\/\" target=\"_blank\" rel=\"noopener noreferrer\">Asier Cu\u00e9llar Ayestar\u00e1n<\/a><\/b><\/span><\/span><\/p>\n<p align=\"JUSTIFY\"><span style=\"font-family: Arial, serif; color: #000000;\"><span style=\"font-size: medium;\">Terminado su proceso de formaci\u00f3n MIR, Asier Cu\u00e9llar se incorpora de forma oficial al equipo de Traumatolog\u00eda a partir del 1 de junio. Con esta incorporaci\u00f3n pasamos a consolidar un amplio equipo multidisciplinar, aunando la s\u00f3lida y actualizada formaci\u00f3n adquirida por Adri\u00e1n y Asier junto a la dilatada experiencia en la Especialidad de Ricardo Cu\u00e9llar. Potenciaremos as\u00ed la atenci\u00f3n en consulta tanto en Policl\u00ednica Gipuzkoa como en el Hospital de D\u00eda Quir\u00f3n Salud Donostia y tambi\u00e9n la atenci\u00f3n de traumatismos, fracturas y lesiones laborales, deportivas, etc. en el Servicio de Urgencias.<\/span><\/span><\/p>\n<p align=\"JUSTIFY\">&nbsp;<\/p>\n<p align=\"JUSTIFY\"><a href=\"http:\/\/cuellarcot.com\/index.php\/sobre-nosotros\/dr-asier-cuellar-ayestaran\/\" target=\"_blank\" rel=\"noopener noreferrer\"><img decoding=\"async\" loading=\"lazy\" class=\"aligncenter wp-image-1444\" src=\"http:\/\/cuellarcot.com\/wp-content\/uploads\/2020\/06\/Dr.-Asier-Cue\u0301llar-scaled.jpg\" alt=\"\" width=\"642\" height=\"390\" srcset=\"https:\/\/cuellarcot.com\/wp-content\/uploads\/2020\/06\/Dr.-Asier-Cue\u0301llar-scaled.jpg 2560w, https:\/\/cuellarcot.com\/wp-content\/uploads\/2020\/06\/Dr.-Asier-Cue\u0301llar-300x182.jpg 300w, https:\/\/cuellarcot.com\/wp-content\/uploads\/2020\/06\/Dr.-Asier-Cue\u0301llar-1024x622.jpg 1024w, https:\/\/cuellarcot.com\/wp-content\/uploads\/2020\/06\/Dr.-Asier-Cue\u0301llar-768x466.jpg 768w, https:\/\/cuellarcot.com\/wp-content\/uploads\/2020\/06\/Dr.-Asier-Cue\u0301llar-1536x933.jpg 1536w, https:\/\/cuellarcot.com\/wp-content\/uploads\/2020\/06\/Dr.-Asier-Cue\u0301llar-2048x1244.jpg 2048w, https:\/\/cuellarcot.com\/wp-content\/uploads\/2020\/06\/Dr.-Asier-Cue\u0301llar-240x145.jpg 240w\" sizes=\"(max-width: 642px) 100vw, 642px\" \/><\/a><\/p>\n","protected":false},"excerpt":{"rendered":"<p>Incorporaci\u00f3n al equipo de Asier Cu\u00e9llar Ayestar\u00e1n Terminado su proceso de formaci\u00f3n MIR, Asier Cu\u00e9llar se incorpora de forma oficial al equipo de Traumatolog\u00eda a partir del 1 de junio. Con esta incorporaci\u00f3n pasamos a consolidar un amplio equipo multidisciplinar, aunando la s\u00f3lida y actualizada formaci\u00f3n adquirida por Adri\u00e1n y Asier junto a la dilatada [&hellip;]<\/p>\n","protected":false},"author":1,"featured_media":1443,"comment_status":"open","ping_status":"open","sticky":false,"template":"","format":"standard","meta":{"_exactmetrics_skip_tracking":false,"_exactmetrics_sitenote_active":false,"_exactmetrics_sitenote_note":"","_exactmetrics_sitenote_category":0,"ngg_post_thumbnail":0},"categories":[42],"tags":[],"yoast_head":"<!-- This site is optimized with the Yoast SEO plugin v20.11 - https:\/\/yoast.com\/wordpress\/plugins\/seo\/ -->\n<title>Incorporaci\u00f3n al equipo de Asier Cu\u00e9llar Ayestar\u00e1n -<\/title>\n<meta name=\"robots\" content=\"index, follow, max-snippet:-1, max-image-preview:large, max-video-preview:-1\" \/>\n<link rel=\"canonical\" href=\"https:\/\/cuellarcot.com\/index.php\/2020\/06\/03\/incorporacion-al-equipo-de-asier-cuellar\/\" \/>\n<meta property=\"og:locale\" content=\"es_ES\" \/>\n<meta property=\"og:type\" content=\"article\" \/>\n<meta property=\"og:title\" content=\"Incorporaci\u00f3n al equipo de Asier Cu\u00e9llar Ayestar\u00e1n -\" \/>\n<meta property=\"og:description\" content=\"Incorporaci\u00f3n al equipo de Asier Cu\u00e9llar Ayestar\u00e1n Terminado su proceso de formaci\u00f3n MIR, Asier Cu\u00e9llar se incorpora de forma oficial al equipo de Traumatolog\u00eda a partir del 1 de junio. Con esta incorporaci\u00f3n pasamos a consolidar un amplio equipo multidisciplinar, aunando la s\u00f3lida y actualizada formaci\u00f3n adquirida por Adri\u00e1n y Asier junto a la dilatada [&hellip;]\" \/>\n<meta property=\"og:url\" content=\"https:\/\/cuellarcot.com\/index.php\/2020\/06\/03\/incorporacion-al-equipo-de-asier-cuellar\/\" \/>\n<meta property=\"article:published_time\" content=\"2020-06-03T21:25:56+00:00\" \/>\n<meta property=\"article:modified_time\" content=\"2020-06-03T23:05:15+00:00\" \/>\n<meta property=\"og:image\" content=\"https:\/\/cuellarcot.com\/wp-content\/uploads\/2020\/06\/portada-tres3.jpg\" \/>\n\t<meta property=\"og:image:width\" content=\"997\" \/>\n\t<meta property=\"og:image:height\" content=\"543\" \/>\n\t<meta property=\"og:image:type\" content=\"image\/jpeg\" \/>\n<meta name=\"author\" content=\"cuellarcot\" \/>\n<meta name=\"twitter:card\" content=\"summary_large_image\" \/>\n<meta name=\"twitter:label1\" content=\"Escrito por\" \/>\n\t<meta name=\"twitter:data1\" content=\"cuellarcot\" \/>\n\t<meta name=\"twitter:label2\" content=\"Tiempo de lectura\" \/>\n\t<meta name=\"twitter:data2\" content=\"1 minuto\" \/>\n<script type=\"application\/ld+json\" class=\"yoast-schema-graph\">{\"@context\":\"https:\/\/schema.org\",\"@graph\":[{\"@type\":\"WebPage\",\"@id\":\"https:\/\/cuellarcot.com\/index.php\/2020\/06\/03\/incorporacion-al-equipo-de-asier-cuellar\/\",\"url\":\"https:\/\/cuellarcot.com\/index.php\/2020\/06\/03\/incorporacion-al-equipo-de-asier-cuellar\/\",\"name\":\"Incorporaci\u00f3n al equipo de Asier Cu\u00e9llar Ayestar\u00e1n -\",\"isPartOf\":{\"@id\":\"https:\/\/cuellarcot.com\/#website\"},\"datePublished\":\"2020-06-03T21:25:56+00:00\",\"dateModified\":\"2020-06-03T23:05:15+00:00\",\"author\":{\"@id\":\"https:\/\/cuellarcot.com\/#\/schema\/person\/cfb5668549a872d92be31c48167dc44f\"},\"breadcrumb\":{\"@id\":\"https:\/\/cuellarcot.com\/index.php\/2020\/06\/03\/incorporacion-al-equipo-de-asier-cuellar\/#breadcrumb\"},\"inLanguage\":\"es\",\"potentialAction\":[{\"@type\":\"ReadAction\",\"target\":[\"https:\/\/cuellarcot.com\/index.php\/2020\/06\/03\/incorporacion-al-equipo-de-asier-cuellar\/\"]}]},{\"@type\":\"BreadcrumbList\",\"@id\":\"https:\/\/cuellarcot.com\/index.php\/2020\/06\/03\/incorporacion-al-equipo-de-asier-cuellar\/#breadcrumb\",\"itemListElement\":[{\"@type\":\"ListItem\",\"position\":1,\"name\":\"Portada\",\"item\":\"https:\/\/cuellarcot.com\/\"},{\"@type\":\"ListItem\",\"position\":2,\"name\":\"Incorporaci\u00f3n al equipo de Asier Cu\u00e9llar Ayestar\u00e1n\"}]},{\"@type\":\"WebSite\",\"@id\":\"https:\/\/cuellarcot.com\/#website\",\"url\":\"https:\/\/cuellarcot.com\/\",\"name\":\"\",\"description\":\"Traumatolog\u00eda, Cirug\u00eda ortop\u00e9dica y Artroscopia\",\"potentialAction\":[{\"@type\":\"SearchAction\",\"target\":{\"@type\":\"EntryPoint\",\"urlTemplate\":\"https:\/\/cuellarcot.com\/?s={search_term_string}\"},\"query-input\":\"required name=search_term_string\"}],\"inLanguage\":\"es\"},{\"@type\":\"Person\",\"@id\":\"https:\/\/cuellarcot.com\/#\/schema\/person\/cfb5668549a872d92be31c48167dc44f\",\"name\":\"cuellarcot\",\"image\":{\"@type\":\"ImageObject\",\"inLanguage\":\"es\",\"@id\":\"https:\/\/cuellarcot.com\/#\/schema\/person\/image\/\",\"url\":\"https:\/\/secure.gravatar.com\/avatar\/7bf39f1a6597542e86276e8e10f0ed91?s=96&d=mm&r=g\",\"contentUrl\":\"https:\/\/secure.gravatar.com\/avatar\/7bf39f1a6597542e86276e8e10f0ed91?s=96&d=mm&r=g\",\"caption\":\"cuellarcot\"},\"sameAs\":[\"http:\/\/www.cuellarcot.com\"],\"url\":\"https:\/\/cuellarcot.com\/index.php\/author\/admin3047\/\"}]}<\/script>\n<!-- \/ Yoast SEO plugin. -->","yoast_head_json":{"title":"Incorporaci\u00f3n al equipo de Asier Cu\u00e9llar Ayestar\u00e1n -","robots":{"index":"index","follow":"follow","max-snippet":"max-snippet:-1","max-image-preview":"max-image-preview:large","max-video-preview":"max-video-preview:-1"},"canonical":"https:\/\/cuellarcot.com\/index.php\/2020\/06\/03\/incorporacion-al-equipo-de-asier-cuellar\/","og_locale":"es_ES","og_type":"article","og_title":"Incorporaci\u00f3n al equipo de Asier Cu\u00e9llar Ayestar\u00e1n -","og_description":"Incorporaci\u00f3n al equipo de Asier Cu\u00e9llar Ayestar\u00e1n Terminado su proceso de formaci\u00f3n MIR, Asier Cu\u00e9llar se incorpora de forma oficial al equipo de Traumatolog\u00eda a partir del 1 de junio. Con esta incorporaci\u00f3n pasamos a consolidar un amplio equipo multidisciplinar, aunando la s\u00f3lida y actualizada formaci\u00f3n adquirida por Adri\u00e1n y Asier junto a la dilatada [&hellip;]","og_url":"https:\/\/cuellarcot.com\/index.php\/2020\/06\/03\/incorporacion-al-equipo-de-asier-cuellar\/","article_published_time":"2020-06-03T21:25:56+00:00","article_modified_time":"2020-06-03T23:05:15+00:00","og_image":[{"width":997,"height":543,"url":"https:\/\/cuellarcot.com\/wp-content\/uploads\/2020\/06\/portada-tres3.jpg","type":"image\/jpeg"}],"author":"cuellarcot","twitter_card":"summary_large_image","twitter_misc":{"Escrito por":"cuellarcot","Tiempo de lectura":"1 minuto"},"schema":{"@context":"https:\/\/schema.org","@graph":[{"@type":"WebPage","@id":"https:\/\/cuellarcot.com\/index.php\/2020\/06\/03\/incorporacion-al-equipo-de-asier-cuellar\/","url":"https:\/\/cuellarcot.com\/index.php\/2020\/06\/03\/incorporacion-al-equipo-de-asier-cuellar\/","name":"Incorporaci\u00f3n al equipo de Asier Cu\u00e9llar Ayestar\u00e1n -","isPartOf":{"@id":"https:\/\/cuellarcot.com\/#website"},"datePublished":"2020-06-03T21:25:56+00:00","dateModified":"2020-06-03T23:05:15+00:00","author":{"@id":"https:\/\/cuellarcot.com\/#\/schema\/person\/cfb5668549a872d92be31c48167dc44f"},"breadcrumb":{"@id":"https:\/\/cuellarcot.com\/index.php\/2020\/06\/03\/incorporacion-al-equipo-de-asier-cuellar\/#breadcrumb"},"inLanguage":"es","potentialAction":[{"@type":"ReadAction","target":["https:\/\/cuellarcot.com\/index.php\/2020\/06\/03\/incorporacion-al-equipo-de-asier-cuellar\/"]}]},{"@type":"BreadcrumbList","@id":"https:\/\/cuellarcot.com\/index.php\/2020\/06\/03\/incorporacion-al-equipo-de-asier-cuellar\/#breadcrumb","itemListElement":[{"@type":"ListItem","position":1,"name":"Portada","item":"https:\/\/cuellarcot.com\/"},{"@type":"ListItem","position":2,"name":"Incorporaci\u00f3n al equipo de Asier Cu\u00e9llar Ayestar\u00e1n"}]},{"@type":"WebSite","@id":"https:\/\/cuellarcot.com\/#website","url":"https:\/\/cuellarcot.com\/","name":"","description":"Traumatolog\u00eda, Cirug\u00eda ortop\u00e9dica y Artroscopia","potentialAction":[{"@type":"SearchAction","target":{"@type":"EntryPoint","urlTemplate":"https:\/\/cuellarcot.com\/?s={search_term_string}"},"query-input":"required name=search_term_string"}],"inLanguage":"es"},{"@type":"Person","@id":"https:\/\/cuellarcot.com\/#\/schema\/person\/cfb5668549a872d92be31c48167dc44f","name":"cuellarcot","image":{"@type":"ImageObject","inLanguage":"es","@id":"https:\/\/cuellarcot.com\/#\/schema\/person\/image\/","url":"https:\/\/secure.gravatar.com\/avatar\/7bf39f1a6597542e86276e8e10f0ed91?s=96&d=mm&r=g","contentUrl":"https:\/\/secure.gravatar.com\/avatar\/7bf39f1a6597542e86276e8e10f0ed91?s=96&d=mm&r=g","caption":"cuellarcot"},"sameAs":["http:\/\/www.cuellarcot.com"],"url":"https:\/\/cuellarcot.com\/index.php\/author\/admin3047\/"}]}},"_links":{"self":[{"href":"https:\/\/cuellarcot.com\/index.php\/wp-json\/wp\/v2\/posts\/1439"}],"collection":[{"href":"https:\/\/cuellarcot.com\/index.php\/wp-json\/wp\/v2\/posts"}],"about":[{"href":"https:\/\/cuellarcot.com\/index.php\/wp-json\/wp\/v2\/types\/post"}],"author":[{"embeddable":true,"href":"https:\/\/cuellarcot.com\/index.php\/wp-json\/wp\/v2\/users\/1"}],"replies":[{"embeddable":true,"href":"https:\/\/cuellarcot.com\/index.php\/wp-json\/wp\/v2\/comments?post=1439"}],"version-history":[{"count":5,"href":"https:\/\/cuellarcot.com\/index.php\/wp-json\/wp\/v2\/posts\/1439\/revisions"}],"predecessor-version":[{"id":1467,"href":"https:\/\/cuellarcot.com\/index.php\/wp-json\/wp\/v2\/posts\/1439\/revisions\/1467"}],"wp:featuredmedia":[{"embeddable":true,"href":"https:\/\/cuellarcot.com\/index.php\/wp-json\/wp\/v2\/media\/1443"}],"wp:attachment":[{"href":"https:\/\/cuellarcot.com\/index.php\/wp-json\/wp\/v2\/media?parent=1439"}],"wp:term":[{"taxonomy":"category","embeddable":true,"href":"https:\/\/cuellarcot.com\/index.php\/wp-json\/wp\/v2\/categories?post=1439"},{"taxonomy":"post_tag","embeddable":true,"href":"https:\/\/cuellarcot.com\/index.php\/wp-json\/wp\/v2\/tags?post=1439"}],"curies":[{"name":"wp","href":"https:\/\/api.w.org\/{rel}","templated":true}]}}