{"id":1491,"date":"2020-07-28T23:23:43","date_gmt":"2020-07-28T21:23:43","guid":{"rendered":"http:\/\/cuellarcot.com\/?p=1491"},"modified":"2020-07-28T23:24:55","modified_gmt":"2020-07-28T21:24:55","slug":"nuevas-incorporaciones-al-equipo-de-traumatologia-del-dr-ricardo-cuellar","status":"publish","type":"post","link":"https:\/\/cuellarcot.com\/index.php\/2020\/07\/28\/nuevas-incorporaciones-al-equipo-de-traumatologia-del-dr-ricardo-cuellar\/","title":{"rendered":"Nuevas incorporaciones al equipo de Traumatolog\u00eda del Dr. Ricardo Cu\u00e9llar"},"content":{"rendered":"<p><span style=\"color: #000000;\">Nos informa el <strong>Dr. Ricardo Cu\u00e9llar<\/strong> que, terminado el proceso de formaci\u00f3n MIR, se ha incorporado de forma oficial a su equipo de Traumatolog\u00eda desde el 1 de junio el traumat\u00f3logo <strong>Dr. Asier Cu\u00e9llar<\/strong>. De esta forma, se a\u00fana la s\u00f3lida y actualizada formaci\u00f3n adquirida por <strong>Adri\u00e1n<\/strong> y <strong>Asier Cu\u00e9llar<\/strong>, junto a la dilatada experiencia en la especialidad de Ricardo Cu\u00e9llar. El equipo espera as\u00ed reforzar la atenci\u00f3n en consulta tanto en Policl\u00ednica Gipuzkoa como en el Hospital de D\u00eda Quir\u00f3nsalud Donostia y tambi\u00e9n la atenci\u00f3n de traumatismos, fracturas y lesiones laborales, deportivas, etc. en el servicio de Urgencias de Policl\u00ednica Gipuzkoa.<\/span><\/p>\n<p><span style=\"color: #000000;\">Por otro lado, nos anuncia la pr\u00f3xima incorporaci\u00f3n en el mes de septiembre del traumat\u00f3logo <strong>Dr. Alberto Hern\u00e1ndez<\/strong>. \u201cConscientes de cubrir ampliamente la patolog\u00eda de las extremidades -nos informa Ricardo Cu\u00e9llar- al equipo le faltaba poder abordar adecuadamente los procesos que afectan a la espalda, por eso incorporamos al equipo a un verdadero especialista en las patolog\u00edas de la columna\u201d. En palabras del Dr. Ricardo Cu\u00e9llar, \u201ccon su formaci\u00f3n y dedicaci\u00f3n exclusivas al diagn\u00f3stico y tratamiento de \u00e9stas, el <strong>Dr. Alberto Hern\u00e1ndez<\/strong> reforzar\u00e1 el servicio pudiendo abordar desde las lesiones m\u00e1s sencillas, como las hernias de disco, a las cirug\u00edas m\u00e1s complejas del raquis, como las fijaciones a varios niveles, las fracturas o las cirug\u00edas de revisi\u00f3n\u201d.<\/span><\/p>\n<p><span style=\"color: #000000;\">Como no siempre el tratamiento puede ser quir\u00fargico, el Dr. Ricardo Cu\u00e9llar nos confirma que \u201ctambi\u00e9n con una larga experiencia en nuestra especialidad, continuar\u00e1 colaborando con el equipo el <strong>Dr. Juan Ponte<\/strong>, quien actuar\u00e1 como consultor en el tratamiento de la patolog\u00eda no quir\u00fargica\u201d.<\/span><\/p>\n<p><span style=\"color: #000000;\">\u201cDe esta manera -a\u00f1ade el Dr. Ricardo Cu\u00e9llar- ampliamos nuestro horario de atenci\u00f3n en Consulta, garantizando todos los d\u00edas la presencia de al menos uno de nosotros en dicha \u00e1rea, reduciendo as\u00ed al m\u00ednimo, la demora de primera atenci\u00f3n\u201d.<\/span><\/p>\n<p><span style=\"color: #000000;\">Por \u00faltimo, el Dr. Ricardo Cu\u00e9llar nos informa que su equipo ha establecido tambi\u00e9n una colaboraci\u00f3n directa con el <strong>Dr. Ferm\u00edn Haro <\/strong>para el tratamiento del dolor. \u201cVeterano y experto en las m\u00e1s modernas t\u00e9cnicas de tratamiento del dolor -afirma el Dr. Ricardo Cu\u00e9llar- nos permitir\u00e1, como equipo, indicar la soluci\u00f3n m\u00e1s id\u00f3nea para cada paciente y tipo de patolog\u00eda\u201d. <\/span><\/p>\n<p style=\"text-align: center;\"><span style=\"color: #000000;\">Fuente: <a style=\"color: #000000;\" href=\"http:\/\/www.policlinicagipuzkoa.com\/\" target=\"_blank\" rel=\"noopener noreferrer\">www.policlinicaguipuzcoa.com<\/a><\/span><\/p>\n","protected":false},"excerpt":{"rendered":"<p>Nos informa el Dr. Ricardo Cu\u00e9llar que, terminado el proceso de formaci\u00f3n MIR, se ha incorporado de forma oficial a su equipo de Traumatolog\u00eda desde el 1 de junio el traumat\u00f3logo Dr. Asier Cu\u00e9llar. De esta forma, se a\u00fana la s\u00f3lida y actualizada formaci\u00f3n adquirida por Adri\u00e1n y Asier Cu\u00e9llar, junto a la dilatada experiencia [&hellip;]<\/p>\n","protected":false},"author":1,"featured_media":1492,"comment_status":"open","ping_status":"open","sticky":false,"template":"","format":"standard","meta":{"_exactmetrics_skip_tracking":false,"_exactmetrics_sitenote_active":false,"_exactmetrics_sitenote_note":"","_exactmetrics_sitenote_category":0,"ngg_post_thumbnail":0},"categories":[42],"tags":[],"yoast_head":"<!-- This site is optimized with the Yoast SEO plugin v20.11 - https:\/\/yoast.com\/wordpress\/plugins\/seo\/ -->\n<title>Nuevas incorporaciones al equipo de Traumatolog\u00eda del Dr. Ricardo Cu\u00e9llar -<\/title>\n<meta name=\"robots\" content=\"index, follow, max-snippet:-1, max-image-preview:large, max-video-preview:-1\" \/>\n<link rel=\"canonical\" href=\"https:\/\/cuellarcot.com\/index.php\/2020\/07\/28\/nuevas-incorporaciones-al-equipo-de-traumatologia-del-dr-ricardo-cuellar\/\" \/>\n<meta property=\"og:locale\" content=\"es_ES\" \/>\n<meta property=\"og:type\" content=\"article\" \/>\n<meta property=\"og:title\" content=\"Nuevas incorporaciones al equipo de Traumatolog\u00eda del Dr. Ricardo Cu\u00e9llar -\" \/>\n<meta property=\"og:description\" content=\"Nos informa el Dr. Ricardo Cu\u00e9llar que, terminado el proceso de formaci\u00f3n MIR, se ha incorporado de forma oficial a su equipo de Traumatolog\u00eda desde el 1 de junio el traumat\u00f3logo Dr. Asier Cu\u00e9llar. De esta forma, se a\u00fana la s\u00f3lida y actualizada formaci\u00f3n adquirida por Adri\u00e1n y Asier Cu\u00e9llar, junto a la dilatada experiencia [&hellip;]\" \/>\n<meta property=\"og:url\" content=\"https:\/\/cuellarcot.com\/index.php\/2020\/07\/28\/nuevas-incorporaciones-al-equipo-de-traumatologia-del-dr-ricardo-cuellar\/\" \/>\n<meta property=\"article:published_time\" content=\"2020-07-28T21:23:43+00:00\" \/>\n<meta property=\"article:modified_time\" content=\"2020-07-28T21:24:55+00:00\" \/>\n<meta property=\"og:image\" content=\"https:\/\/cuellarcot.com\/wp-content\/uploads\/2020\/07\/Drs.-Equipo-Traumatolog\u00eda-P.jpg\" \/>\n\t<meta property=\"og:image:width\" content=\"886\" \/>\n\t<meta property=\"og:image:height\" content=\"406\" \/>\n\t<meta property=\"og:image:type\" content=\"image\/jpeg\" \/>\n<meta name=\"author\" content=\"cuellarcot\" \/>\n<meta name=\"twitter:card\" content=\"summary_large_image\" \/>\n<meta name=\"twitter:label1\" content=\"Escrito por\" \/>\n\t<meta name=\"twitter:data1\" content=\"cuellarcot\" \/>\n\t<meta name=\"twitter:label2\" content=\"Tiempo de lectura\" \/>\n\t<meta name=\"twitter:data2\" content=\"2 minutos\" \/>\n<script type=\"application\/ld+json\" class=\"yoast-schema-graph\">{\"@context\":\"https:\/\/schema.org\",\"@graph\":[{\"@type\":\"WebPage\",\"@id\":\"https:\/\/cuellarcot.com\/index.php\/2020\/07\/28\/nuevas-incorporaciones-al-equipo-de-traumatologia-del-dr-ricardo-cuellar\/\",\"url\":\"https:\/\/cuellarcot.com\/index.php\/2020\/07\/28\/nuevas-incorporaciones-al-equipo-de-traumatologia-del-dr-ricardo-cuellar\/\",\"name\":\"Nuevas incorporaciones al equipo de Traumatolog\u00eda del Dr. Ricardo Cu\u00e9llar -\",\"isPartOf\":{\"@id\":\"https:\/\/cuellarcot.com\/#website\"},\"datePublished\":\"2020-07-28T21:23:43+00:00\",\"dateModified\":\"2020-07-28T21:24:55+00:00\",\"author\":{\"@id\":\"https:\/\/cuellarcot.com\/#\/schema\/person\/cfb5668549a872d92be31c48167dc44f\"},\"breadcrumb\":{\"@id\":\"https:\/\/cuellarcot.com\/index.php\/2020\/07\/28\/nuevas-incorporaciones-al-equipo-de-traumatologia-del-dr-ricardo-cuellar\/#breadcrumb\"},\"inLanguage\":\"es\",\"potentialAction\":[{\"@type\":\"ReadAction\",\"target\":[\"https:\/\/cuellarcot.com\/index.php\/2020\/07\/28\/nuevas-incorporaciones-al-equipo-de-traumatologia-del-dr-ricardo-cuellar\/\"]}]},{\"@type\":\"BreadcrumbList\",\"@id\":\"https:\/\/cuellarcot.com\/index.php\/2020\/07\/28\/nuevas-incorporaciones-al-equipo-de-traumatologia-del-dr-ricardo-cuellar\/#breadcrumb\",\"itemListElement\":[{\"@type\":\"ListItem\",\"position\":1,\"name\":\"Portada\",\"item\":\"https:\/\/cuellarcot.com\/\"},{\"@type\":\"ListItem\",\"position\":2,\"name\":\"Nuevas incorporaciones al equipo de Traumatolog\u00eda del Dr. Ricardo Cu\u00e9llar\"}]},{\"@type\":\"WebSite\",\"@id\":\"https:\/\/cuellarcot.com\/#website\",\"url\":\"https:\/\/cuellarcot.com\/\",\"name\":\"\",\"description\":\"Traumatolog\u00eda, Cirug\u00eda ortop\u00e9dica y Artroscopia\",\"potentialAction\":[{\"@type\":\"SearchAction\",\"target\":{\"@type\":\"EntryPoint\",\"urlTemplate\":\"https:\/\/cuellarcot.com\/?s={search_term_string}\"},\"query-input\":\"required name=search_term_string\"}],\"inLanguage\":\"es\"},{\"@type\":\"Person\",\"@id\":\"https:\/\/cuellarcot.com\/#\/schema\/person\/cfb5668549a872d92be31c48167dc44f\",\"name\":\"cuellarcot\",\"image\":{\"@type\":\"ImageObject\",\"inLanguage\":\"es\",\"@id\":\"https:\/\/cuellarcot.com\/#\/schema\/person\/image\/\",\"url\":\"https:\/\/secure.gravatar.com\/avatar\/7bf39f1a6597542e86276e8e10f0ed91?s=96&d=mm&r=g\",\"contentUrl\":\"https:\/\/secure.gravatar.com\/avatar\/7bf39f1a6597542e86276e8e10f0ed91?s=96&d=mm&r=g\",\"caption\":\"cuellarcot\"},\"sameAs\":[\"http:\/\/www.cuellarcot.com\"],\"url\":\"https:\/\/cuellarcot.com\/index.php\/author\/admin3047\/\"}]}<\/script>\n<!-- \/ Yoast SEO plugin. -->","yoast_head_json":{"title":"Nuevas incorporaciones al equipo de Traumatolog\u00eda del Dr. Ricardo Cu\u00e9llar -","robots":{"index":"index","follow":"follow","max-snippet":"max-snippet:-1","max-image-preview":"max-image-preview:large","max-video-preview":"max-video-preview:-1"},"canonical":"https:\/\/cuellarcot.com\/index.php\/2020\/07\/28\/nuevas-incorporaciones-al-equipo-de-traumatologia-del-dr-ricardo-cuellar\/","og_locale":"es_ES","og_type":"article","og_title":"Nuevas incorporaciones al equipo de Traumatolog\u00eda del Dr. Ricardo Cu\u00e9llar -","og_description":"Nos informa el Dr. Ricardo Cu\u00e9llar que, terminado el proceso de formaci\u00f3n MIR, se ha incorporado de forma oficial a su equipo de Traumatolog\u00eda desde el 1 de junio el traumat\u00f3logo Dr. Asier Cu\u00e9llar. De esta forma, se a\u00fana la s\u00f3lida y actualizada formaci\u00f3n adquirida por Adri\u00e1n y Asier Cu\u00e9llar, junto a la dilatada experiencia [&hellip;]","og_url":"https:\/\/cuellarcot.com\/index.php\/2020\/07\/28\/nuevas-incorporaciones-al-equipo-de-traumatologia-del-dr-ricardo-cuellar\/","article_published_time":"2020-07-28T21:23:43+00:00","article_modified_time":"2020-07-28T21:24:55+00:00","og_image":[{"width":886,"height":406,"url":"https:\/\/cuellarcot.com\/wp-content\/uploads\/2020\/07\/Drs.-Equipo-Traumatolog\u00eda-P.jpg","type":"image\/jpeg"}],"author":"cuellarcot","twitter_card":"summary_large_image","twitter_misc":{"Escrito por":"cuellarcot","Tiempo de lectura":"2 minutos"},"schema":{"@context":"https:\/\/schema.org","@graph":[{"@type":"WebPage","@id":"https:\/\/cuellarcot.com\/index.php\/2020\/07\/28\/nuevas-incorporaciones-al-equipo-de-traumatologia-del-dr-ricardo-cuellar\/","url":"https:\/\/cuellarcot.com\/index.php\/2020\/07\/28\/nuevas-incorporaciones-al-equipo-de-traumatologia-del-dr-ricardo-cuellar\/","name":"Nuevas incorporaciones al equipo de Traumatolog\u00eda del Dr. Ricardo Cu\u00e9llar -","isPartOf":{"@id":"https:\/\/cuellarcot.com\/#website"},"datePublished":"2020-07-28T21:23:43+00:00","dateModified":"2020-07-28T21:24:55+00:00","author":{"@id":"https:\/\/cuellarcot.com\/#\/schema\/person\/cfb5668549a872d92be31c48167dc44f"},"breadcrumb":{"@id":"https:\/\/cuellarcot.com\/index.php\/2020\/07\/28\/nuevas-incorporaciones-al-equipo-de-traumatologia-del-dr-ricardo-cuellar\/#breadcrumb"},"inLanguage":"es","potentialAction":[{"@type":"ReadAction","target":["https:\/\/cuellarcot.com\/index.php\/2020\/07\/28\/nuevas-incorporaciones-al-equipo-de-traumatologia-del-dr-ricardo-cuellar\/"]}]},{"@type":"BreadcrumbList","@id":"https:\/\/cuellarcot.com\/index.php\/2020\/07\/28\/nuevas-incorporaciones-al-equipo-de-traumatologia-del-dr-ricardo-cuellar\/#breadcrumb","itemListElement":[{"@type":"ListItem","position":1,"name":"Portada","item":"https:\/\/cuellarcot.com\/"},{"@type":"ListItem","position":2,"name":"Nuevas incorporaciones al equipo de Traumatolog\u00eda del Dr. Ricardo Cu\u00e9llar"}]},{"@type":"WebSite","@id":"https:\/\/cuellarcot.com\/#website","url":"https:\/\/cuellarcot.com\/","name":"","description":"Traumatolog\u00eda, Cirug\u00eda ortop\u00e9dica y Artroscopia","potentialAction":[{"@type":"SearchAction","target":{"@type":"EntryPoint","urlTemplate":"https:\/\/cuellarcot.com\/?s={search_term_string}"},"query-input":"required name=search_term_string"}],"inLanguage":"es"},{"@type":"Person","@id":"https:\/\/cuellarcot.com\/#\/schema\/person\/cfb5668549a872d92be31c48167dc44f","name":"cuellarcot","image":{"@type":"ImageObject","inLanguage":"es","@id":"https:\/\/cuellarcot.com\/#\/schema\/person\/image\/","url":"https:\/\/secure.gravatar.com\/avatar\/7bf39f1a6597542e86276e8e10f0ed91?s=96&d=mm&r=g","contentUrl":"https:\/\/secure.gravatar.com\/avatar\/7bf39f1a6597542e86276e8e10f0ed91?s=96&d=mm&r=g","caption":"cuellarcot"},"sameAs":["http:\/\/www.cuellarcot.com"],"url":"https:\/\/cuellarcot.com\/index.php\/author\/admin3047\/"}]}},"_links":{"self":[{"href":"https:\/\/cuellarcot.com\/index.php\/wp-json\/wp\/v2\/posts\/1491"}],"collection":[{"href":"https:\/\/cuellarcot.com\/index.php\/wp-json\/wp\/v2\/posts"}],"about":[{"href":"https:\/\/cuellarcot.com\/index.php\/wp-json\/wp\/v2\/types\/post"}],"author":[{"embeddable":true,"href":"https:\/\/cuellarcot.com\/index.php\/wp-json\/wp\/v2\/users\/1"}],"replies":[{"embeddable":true,"href":"https:\/\/cuellarcot.com\/index.php\/wp-json\/wp\/v2\/comments?post=1491"}],"version-history":[{"count":1,"href":"https:\/\/cuellarcot.com\/index.php\/wp-json\/wp\/v2\/posts\/1491\/revisions"}],"predecessor-version":[{"id":1493,"href":"https:\/\/cuellarcot.com\/index.php\/wp-json\/wp\/v2\/posts\/1491\/revisions\/1493"}],"wp:featuredmedia":[{"embeddable":true,"href":"https:\/\/cuellarcot.com\/index.php\/wp-json\/wp\/v2\/media\/1492"}],"wp:attachment":[{"href":"https:\/\/cuellarcot.com\/index.php\/wp-json\/wp\/v2\/media?parent=1491"}],"wp:term":[{"taxonomy":"category","embeddable":true,"href":"https:\/\/cuellarcot.com\/index.php\/wp-json\/wp\/v2\/categories?post=1491"},{"taxonomy":"post_tag","embeddable":true,"href":"https:\/\/cuellarcot.com\/index.php\/wp-json\/wp\/v2\/tags?post=1491"}],"curies":[{"name":"wp","href":"https:\/\/api.w.org\/{rel}","templated":true}]}}