{"id":1569,"date":"2021-01-25T14:14:30","date_gmt":"2021-01-25T13:14:30","guid":{"rendered":"https:\/\/cuellarcot.com\/?p=1569"},"modified":"2021-01-25T14:14:30","modified_gmt":"2021-01-25T13:14:30","slug":"asier-cuellar-obtiene-la-beca-junior-de-investigacion-de-la-sociedad-espanola-de-rodilla-s-e-r-o-d","status":"publish","type":"post","link":"https:\/\/cuellarcot.com\/index.php\/2021\/01\/25\/asier-cuellar-obtiene-la-beca-junior-de-investigacion-de-la-sociedad-espanola-de-rodilla-s-e-r-o-d\/","title":{"rendered":"ASIER CU\u00c9LLAR OBTIENE LA BECA JUNIOR DE INVESTIGACION DE LA SOCIEDAD ESPA\u00d1OLA DE RODILLA (S.E.R.O.D.)"},"content":{"rendered":"<p align=\"CENTER\"><b>ASIER CU\u00c9LLAR OBTIENE LA BECA JUNIOR DE INVESTIGACION DE LA SOCIEDAD ESPA\u00d1OLA DE RODILLA (S.E.R.O.D.)<\/b><\/p>\n<p align=\"CENTER\">&nbsp;<\/p>\n<p align=\"JUSTIFY\"><b>Asier Cu\u00e9llar<\/b>, del equipo de Traumatolog\u00eda del Instituto Vasco de Cirug\u00eda Ortop\u00e9dica y Traumatolog\u00eda <b>(I.V.C.O.T.<\/b>) de <b>Policlinica Gipuzkoa \u2013 Quir\u00f3nsalud de Donostia &#8211; San Sebasti\u00e1n<\/b> ha alcanzado dicha subvenci\u00f3n en calidad de Investigador Principal. Se trata de una beca que otorga anualmente SEROD para promover la investigaci\u00f3n entre los j\u00f3venes traumat\u00f3logos.<\/p>\n<p align=\"JUSTIFY\">Con el t\u00edtulo: \u201cEstudio experimental para reducir el da\u00f1o por reperfusi\u00f3n en miembros inferiores en animales de edad avanzada\u201d, el equipo la desarrollar\u00e1 en las instalaciones del Departamento de Cirug\u00eda de la Facultad de Medicina y enfermer\u00eda de la UPV.<a href=\"https:\/\/cuellarcot.com\/wp-content\/uploads\/2021\/01\/beca-asier.gif\"><img decoding=\"async\" loading=\"lazy\" class=\"wp-image-1570 aligncenter\" src=\"https:\/\/cuellarcot.com\/wp-content\/uploads\/2021\/01\/beca-asier.gif\" alt=\"\" width=\"749\" height=\"443\"><\/a><\/p>\n","protected":false},"excerpt":{"rendered":"<p>ASIER CU\u00c9LLAR OBTIENE LA BECA JUNIOR DE INVESTIGACION DE LA SOCIEDAD ESPA\u00d1OLA DE RODILLA (S.E.R.O.D.) &nbsp; Asier Cu\u00e9llar, del equipo de Traumatolog\u00eda del Instituto Vasco de Cirug\u00eda Ortop\u00e9dica y Traumatolog\u00eda (I.V.C.O.T.) de Policlinica Gipuzkoa \u2013 Quir\u00f3nsalud de Donostia &#8211; San Sebasti\u00e1n ha alcanzado dicha subvenci\u00f3n en calidad de Investigador Principal. Se trata de una beca [&hellip;]<\/p>\n","protected":false},"author":1,"featured_media":1487,"comment_status":"open","ping_status":"open","sticky":false,"template":"","format":"standard","meta":{"_exactmetrics_skip_tracking":false,"_exactmetrics_sitenote_active":false,"_exactmetrics_sitenote_note":"","_exactmetrics_sitenote_category":0,"ngg_post_thumbnail":0},"categories":[42],"tags":[60,59],"yoast_head":"<!-- This site is optimized with the Yoast SEO plugin v20.11 - https:\/\/yoast.com\/wordpress\/plugins\/seo\/ -->\n<title>ASIER CU\u00c9LLAR OBTIENE LA BECA JUNIOR DE INVESTIGACION DE LA SOCIEDAD ESPA\u00d1OLA DE RODILLA (S.E.R.O.D.) -<\/title>\n<meta name=\"description\" content=\"Asier Cu\u00e9llar, del equipo de Traumatolog\u00eda del I.V.C.O.T. ha alcanzado dicha subvenci\u00f3n en calidad de Investigador Principal.\" \/>\n<meta name=\"robots\" content=\"index, follow, max-snippet:-1, max-image-preview:large, max-video-preview:-1\" \/>\n<link rel=\"canonical\" href=\"https:\/\/cuellarcot.com\/index.php\/2021\/01\/25\/asier-cuellar-obtiene-la-beca-junior-de-investigacion-de-la-sociedad-espanola-de-rodilla-s-e-r-o-d\/\" \/>\n<meta property=\"og:locale\" content=\"es_ES\" \/>\n<meta property=\"og:type\" content=\"article\" \/>\n<meta property=\"og:title\" content=\"ASIER CU\u00c9LLAR OBTIENE LA BECA JUNIOR DE INVESTIGACION DE LA SOCIEDAD ESPA\u00d1OLA DE RODILLA (S.E.R.O.D.) -\" \/>\n<meta property=\"og:description\" content=\"Asier Cu\u00e9llar, del equipo de Traumatolog\u00eda del I.V.C.O.T. ha alcanzado dicha subvenci\u00f3n en calidad de Investigador Principal.\" \/>\n<meta property=\"og:url\" content=\"https:\/\/cuellarcot.com\/index.php\/2021\/01\/25\/asier-cuellar-obtiene-la-beca-junior-de-investigacion-de-la-sociedad-espanola-de-rodilla-s-e-r-o-d\/\" \/>\n<meta property=\"article:published_time\" content=\"2021-01-25T13:14:30+00:00\" \/>\n<meta property=\"og:image\" content=\"https:\/\/cuellarcot.com\/wp-content\/uploads\/2020\/07\/Dr.-Asier-Cue\u00b4llar2.jpg\" \/>\n\t<meta property=\"og:image:width\" content=\"268\" \/>\n\t<meta property=\"og:image:height\" content=\"300\" \/>\n\t<meta property=\"og:image:type\" content=\"image\/jpeg\" \/>\n<meta name=\"author\" content=\"cuellarcot\" \/>\n<meta name=\"twitter:card\" content=\"summary_large_image\" \/>\n<meta name=\"twitter:label1\" content=\"Escrito por\" \/>\n\t<meta name=\"twitter:data1\" content=\"cuellarcot\" \/>\n\t<meta name=\"twitter:label2\" content=\"Tiempo de lectura\" \/>\n\t<meta name=\"twitter:data2\" content=\"1 minuto\" \/>\n<script type=\"application\/ld+json\" class=\"yoast-schema-graph\">{\"@context\":\"https:\/\/schema.org\",\"@graph\":[{\"@type\":\"WebPage\",\"@id\":\"https:\/\/cuellarcot.com\/index.php\/2021\/01\/25\/asier-cuellar-obtiene-la-beca-junior-de-investigacion-de-la-sociedad-espanola-de-rodilla-s-e-r-o-d\/\",\"url\":\"https:\/\/cuellarcot.com\/index.php\/2021\/01\/25\/asier-cuellar-obtiene-la-beca-junior-de-investigacion-de-la-sociedad-espanola-de-rodilla-s-e-r-o-d\/\",\"name\":\"ASIER CU\u00c9LLAR OBTIENE LA BECA JUNIOR DE INVESTIGACION DE LA SOCIEDAD ESPA\u00d1OLA DE RODILLA (S.E.R.O.D.) -\",\"isPartOf\":{\"@id\":\"https:\/\/cuellarcot.com\/#website\"},\"datePublished\":\"2021-01-25T13:14:30+00:00\",\"dateModified\":\"2021-01-25T13:14:30+00:00\",\"author\":{\"@id\":\"https:\/\/cuellarcot.com\/#\/schema\/person\/cfb5668549a872d92be31c48167dc44f\"},\"description\":\"Asier Cu\u00e9llar, del equipo de Traumatolog\u00eda del I.V.C.O.T. ha alcanzado dicha subvenci\u00f3n en calidad de Investigador Principal.\",\"breadcrumb\":{\"@id\":\"https:\/\/cuellarcot.com\/index.php\/2021\/01\/25\/asier-cuellar-obtiene-la-beca-junior-de-investigacion-de-la-sociedad-espanola-de-rodilla-s-e-r-o-d\/#breadcrumb\"},\"inLanguage\":\"es\",\"potentialAction\":[{\"@type\":\"ReadAction\",\"target\":[\"https:\/\/cuellarcot.com\/index.php\/2021\/01\/25\/asier-cuellar-obtiene-la-beca-junior-de-investigacion-de-la-sociedad-espanola-de-rodilla-s-e-r-o-d\/\"]}]},{\"@type\":\"BreadcrumbList\",\"@id\":\"https:\/\/cuellarcot.com\/index.php\/2021\/01\/25\/asier-cuellar-obtiene-la-beca-junior-de-investigacion-de-la-sociedad-espanola-de-rodilla-s-e-r-o-d\/#breadcrumb\",\"itemListElement\":[{\"@type\":\"ListItem\",\"position\":1,\"name\":\"Portada\",\"item\":\"https:\/\/cuellarcot.com\/\"},{\"@type\":\"ListItem\",\"position\":2,\"name\":\"ASIER CU\u00c9LLAR OBTIENE LA BECA JUNIOR DE INVESTIGACION DE LA SOCIEDAD ESPA\u00d1OLA DE RODILLA (S.E.R.O.D.)\"}]},{\"@type\":\"WebSite\",\"@id\":\"https:\/\/cuellarcot.com\/#website\",\"url\":\"https:\/\/cuellarcot.com\/\",\"name\":\"\",\"description\":\"Traumatolog\u00eda, Cirug\u00eda ortop\u00e9dica y Artroscopia\",\"potentialAction\":[{\"@type\":\"SearchAction\",\"target\":{\"@type\":\"EntryPoint\",\"urlTemplate\":\"https:\/\/cuellarcot.com\/?s={search_term_string}\"},\"query-input\":\"required name=search_term_string\"}],\"inLanguage\":\"es\"},{\"@type\":\"Person\",\"@id\":\"https:\/\/cuellarcot.com\/#\/schema\/person\/cfb5668549a872d92be31c48167dc44f\",\"name\":\"cuellarcot\",\"image\":{\"@type\":\"ImageObject\",\"inLanguage\":\"es\",\"@id\":\"https:\/\/cuellarcot.com\/#\/schema\/person\/image\/\",\"url\":\"https:\/\/secure.gravatar.com\/avatar\/7bf39f1a6597542e86276e8e10f0ed91?s=96&d=mm&r=g\",\"contentUrl\":\"https:\/\/secure.gravatar.com\/avatar\/7bf39f1a6597542e86276e8e10f0ed91?s=96&d=mm&r=g\",\"caption\":\"cuellarcot\"},\"sameAs\":[\"http:\/\/www.cuellarcot.com\"],\"url\":\"https:\/\/cuellarcot.com\/index.php\/author\/admin3047\/\"}]}<\/script>\n<!-- \/ Yoast SEO plugin. -->","yoast_head_json":{"title":"ASIER CU\u00c9LLAR OBTIENE LA BECA JUNIOR DE INVESTIGACION DE LA SOCIEDAD ESPA\u00d1OLA DE RODILLA (S.E.R.O.D.) -","description":"Asier Cu\u00e9llar, del equipo de Traumatolog\u00eda del I.V.C.O.T. ha alcanzado dicha subvenci\u00f3n en calidad de Investigador Principal.","robots":{"index":"index","follow":"follow","max-snippet":"max-snippet:-1","max-image-preview":"max-image-preview:large","max-video-preview":"max-video-preview:-1"},"canonical":"https:\/\/cuellarcot.com\/index.php\/2021\/01\/25\/asier-cuellar-obtiene-la-beca-junior-de-investigacion-de-la-sociedad-espanola-de-rodilla-s-e-r-o-d\/","og_locale":"es_ES","og_type":"article","og_title":"ASIER CU\u00c9LLAR OBTIENE LA BECA JUNIOR DE INVESTIGACION DE LA SOCIEDAD ESPA\u00d1OLA DE RODILLA (S.E.R.O.D.) -","og_description":"Asier Cu\u00e9llar, del equipo de Traumatolog\u00eda del I.V.C.O.T. ha alcanzado dicha subvenci\u00f3n en calidad de Investigador Principal.","og_url":"https:\/\/cuellarcot.com\/index.php\/2021\/01\/25\/asier-cuellar-obtiene-la-beca-junior-de-investigacion-de-la-sociedad-espanola-de-rodilla-s-e-r-o-d\/","article_published_time":"2021-01-25T13:14:30+00:00","og_image":[{"width":268,"height":300,"url":"https:\/\/cuellarcot.com\/wp-content\/uploads\/2020\/07\/Dr.-Asier-Cue\u00b4llar2.jpg","type":"image\/jpeg"}],"author":"cuellarcot","twitter_card":"summary_large_image","twitter_misc":{"Escrito por":"cuellarcot","Tiempo de lectura":"1 minuto"},"schema":{"@context":"https:\/\/schema.org","@graph":[{"@type":"WebPage","@id":"https:\/\/cuellarcot.com\/index.php\/2021\/01\/25\/asier-cuellar-obtiene-la-beca-junior-de-investigacion-de-la-sociedad-espanola-de-rodilla-s-e-r-o-d\/","url":"https:\/\/cuellarcot.com\/index.php\/2021\/01\/25\/asier-cuellar-obtiene-la-beca-junior-de-investigacion-de-la-sociedad-espanola-de-rodilla-s-e-r-o-d\/","name":"ASIER CU\u00c9LLAR OBTIENE LA BECA JUNIOR DE INVESTIGACION DE LA SOCIEDAD ESPA\u00d1OLA DE RODILLA (S.E.R.O.D.) -","isPartOf":{"@id":"https:\/\/cuellarcot.com\/#website"},"datePublished":"2021-01-25T13:14:30+00:00","dateModified":"2021-01-25T13:14:30+00:00","author":{"@id":"https:\/\/cuellarcot.com\/#\/schema\/person\/cfb5668549a872d92be31c48167dc44f"},"description":"Asier Cu\u00e9llar, del equipo de Traumatolog\u00eda del I.V.C.O.T. ha alcanzado dicha subvenci\u00f3n en calidad de Investigador Principal.","breadcrumb":{"@id":"https:\/\/cuellarcot.com\/index.php\/2021\/01\/25\/asier-cuellar-obtiene-la-beca-junior-de-investigacion-de-la-sociedad-espanola-de-rodilla-s-e-r-o-d\/#breadcrumb"},"inLanguage":"es","potentialAction":[{"@type":"ReadAction","target":["https:\/\/cuellarcot.com\/index.php\/2021\/01\/25\/asier-cuellar-obtiene-la-beca-junior-de-investigacion-de-la-sociedad-espanola-de-rodilla-s-e-r-o-d\/"]}]},{"@type":"BreadcrumbList","@id":"https:\/\/cuellarcot.com\/index.php\/2021\/01\/25\/asier-cuellar-obtiene-la-beca-junior-de-investigacion-de-la-sociedad-espanola-de-rodilla-s-e-r-o-d\/#breadcrumb","itemListElement":[{"@type":"ListItem","position":1,"name":"Portada","item":"https:\/\/cuellarcot.com\/"},{"@type":"ListItem","position":2,"name":"ASIER CU\u00c9LLAR OBTIENE LA BECA JUNIOR DE INVESTIGACION DE LA SOCIEDAD ESPA\u00d1OLA DE RODILLA (S.E.R.O.D.)"}]},{"@type":"WebSite","@id":"https:\/\/cuellarcot.com\/#website","url":"https:\/\/cuellarcot.com\/","name":"","description":"Traumatolog\u00eda, Cirug\u00eda ortop\u00e9dica y Artroscopia","potentialAction":[{"@type":"SearchAction","target":{"@type":"EntryPoint","urlTemplate":"https:\/\/cuellarcot.com\/?s={search_term_string}"},"query-input":"required name=search_term_string"}],"inLanguage":"es"},{"@type":"Person","@id":"https:\/\/cuellarcot.com\/#\/schema\/person\/cfb5668549a872d92be31c48167dc44f","name":"cuellarcot","image":{"@type":"ImageObject","inLanguage":"es","@id":"https:\/\/cuellarcot.com\/#\/schema\/person\/image\/","url":"https:\/\/secure.gravatar.com\/avatar\/7bf39f1a6597542e86276e8e10f0ed91?s=96&d=mm&r=g","contentUrl":"https:\/\/secure.gravatar.com\/avatar\/7bf39f1a6597542e86276e8e10f0ed91?s=96&d=mm&r=g","caption":"cuellarcot"},"sameAs":["http:\/\/www.cuellarcot.com"],"url":"https:\/\/cuellarcot.com\/index.php\/author\/admin3047\/"}]}},"_links":{"self":[{"href":"https:\/\/cuellarcot.com\/index.php\/wp-json\/wp\/v2\/posts\/1569"}],"collection":[{"href":"https:\/\/cuellarcot.com\/index.php\/wp-json\/wp\/v2\/posts"}],"about":[{"href":"https:\/\/cuellarcot.com\/index.php\/wp-json\/wp\/v2\/types\/post"}],"author":[{"embeddable":true,"href":"https:\/\/cuellarcot.com\/index.php\/wp-json\/wp\/v2\/users\/1"}],"replies":[{"embeddable":true,"href":"https:\/\/cuellarcot.com\/index.php\/wp-json\/wp\/v2\/comments?post=1569"}],"version-history":[{"count":1,"href":"https:\/\/cuellarcot.com\/index.php\/wp-json\/wp\/v2\/posts\/1569\/revisions"}],"predecessor-version":[{"id":1571,"href":"https:\/\/cuellarcot.com\/index.php\/wp-json\/wp\/v2\/posts\/1569\/revisions\/1571"}],"wp:featuredmedia":[{"embeddable":true,"href":"https:\/\/cuellarcot.com\/index.php\/wp-json\/wp\/v2\/media\/1487"}],"wp:attachment":[{"href":"https:\/\/cuellarcot.com\/index.php\/wp-json\/wp\/v2\/media?parent=1569"}],"wp:term":[{"taxonomy":"category","embeddable":true,"href":"https:\/\/cuellarcot.com\/index.php\/wp-json\/wp\/v2\/categories?post=1569"},{"taxonomy":"post_tag","embeddable":true,"href":"https:\/\/cuellarcot.com\/index.php\/wp-json\/wp\/v2\/tags?post=1569"}],"curies":[{"name":"wp","href":"https:\/\/api.w.org\/{rel}","templated":true}]}}