{"id":1659,"date":"2021-04-06T23:30:01","date_gmt":"2021-04-06T21:30:01","guid":{"rendered":"https:\/\/cuellarcot.com\/?p=1659"},"modified":"2021-04-06T23:38:34","modified_gmt":"2021-04-06T21:38:34","slug":"aulas-de-salud-2021-al-completo-la-nutricion-no-afecta-a-la-artrosis-pero-la-obesidad-la-empeora","status":"publish","type":"post","link":"https:\/\/cuellarcot.com\/index.php\/2021\/04\/06\/aulas-de-salud-2021-al-completo-la-nutricion-no-afecta-a-la-artrosis-pero-la-obesidad-la-empeora\/","title":{"rendered":"Aulas de salud 2021 al completo: la nutrici\u00f3n no afecta a la artrosis, pero la obesidad la empeora"},"content":{"rendered":"<p><a href=\"https:\/\/cuellarcot.com\/wp-content\/uploads\/2021\/04\/aulas-de-salud.pdf\"><img decoding=\"async\" loading=\"lazy\" class=\"alignleft wp-image-1653\" src=\"https:\/\/cuellarcot.com\/wp-content\/uploads\/2021\/04\/aulas-de-salud.gif\" alt=\"\" width=\"298\" height=\"391\"><\/a><\/p>\n<p><span class=\"style-scope yt-formatted-string\" dir=\"auto\"> El Aula de Salud titulado \u00abNovedoso por menos conocido en traumatolog\u00eda\u00bb \u00a1fue un \u00e9xito! La cita tuvo un r\u00e9cord de asistencia desde que se viene celebrando como evento h\u00edbrido, siempre respetando las medidas sanitarias. <\/span><\/p>\n<p><span class=\"style-scope yt-formatted-string\" dir=\"auto\">El equipo de traumatolog\u00eda que integran los traumat\u00f3logos Ricardo, Adri\u00e1n y Asier Cu\u00e9llar, junto con Alberto Hern\u00e1ndez, Juan Zaldua, Antonio Mart\u00edn y el experto en dolor, Ferm\u00edn Haro, comparti\u00f3 su experiencia y present\u00f3 sus resultados en la aplicaci\u00f3n de las m\u00e1s novedosas soluciones y casos de \u00e9xito para combatir el dolor en el tratamiento de las lesiones articulares.<\/span><\/p>\n<p><span class=\"style-scope yt-formatted-string\" dir=\"auto\">Pr\u00f3tesis personalizadas, pr\u00f3tesis navegadas, artroscopia, cirug\u00eda m\u00ednimamente invasiva de columna, cadera, rodilla, pie, mu\u00f1eca y hombro y t\u00e9cnicas innovadoras para mantener el dolor a raya son algunos de los temas que trataron el equipo de traumatolog\u00eda este jueves en el Aula de Salud. <\/span><\/p>\n<p>Quir\u00f3n Salud ha publicado el video al completo del evento y entrevista a los protagonistas&#8230; Por si no pudiste acudir, aqu\u00ed te ofrecemos los contenidos.<\/p>\n<p>&nbsp;<\/p>\n<p>&nbsp;<\/p>\n<table style=\"border-collapse: collapse; width: 90.4619%;\">\n<tbody>\n<tr>\n<td style=\"width: 27.9614%;\">\n<p><figure id=\"attachment_1656\" aria-describedby=\"caption-attachment-1656\" style=\"width: 232px\" class=\"wp-caption aligncenter\"><a href=\"https:\/\/cuellarcot.com\/index.php\/sobre-nosotros\/dr-ricardo-cuellar-gutierrez\/\"><img decoding=\"async\" loading=\"lazy\" class=\"wp-image-1656\" src=\"https:\/\/cuellarcot.com\/wp-content\/uploads\/2021\/04\/DR.-RICARDO-CUELLAR-AULA-DE-SALUD-25-DE-MARZO-TRAUMATOLOGIA-scaled.jpg\" alt=\"\" width=\"232\" height=\"153\" srcset=\"https:\/\/cuellarcot.com\/wp-content\/uploads\/2021\/04\/DR.-RICARDO-CUELLAR-AULA-DE-SALUD-25-DE-MARZO-TRAUMATOLOGIA-scaled.jpg 2560w, https:\/\/cuellarcot.com\/wp-content\/uploads\/2021\/04\/DR.-RICARDO-CUELLAR-AULA-DE-SALUD-25-DE-MARZO-TRAUMATOLOGIA-300x198.jpg 300w, https:\/\/cuellarcot.com\/wp-content\/uploads\/2021\/04\/DR.-RICARDO-CUELLAR-AULA-DE-SALUD-25-DE-MARZO-TRAUMATOLOGIA-1024x676.jpg 1024w, https:\/\/cuellarcot.com\/wp-content\/uploads\/2021\/04\/DR.-RICARDO-CUELLAR-AULA-DE-SALUD-25-DE-MARZO-TRAUMATOLOGIA-768x507.jpg 768w, https:\/\/cuellarcot.com\/wp-content\/uploads\/2021\/04\/DR.-RICARDO-CUELLAR-AULA-DE-SALUD-25-DE-MARZO-TRAUMATOLOGIA-1536x1014.jpg 1536w, https:\/\/cuellarcot.com\/wp-content\/uploads\/2021\/04\/DR.-RICARDO-CUELLAR-AULA-DE-SALUD-25-DE-MARZO-TRAUMATOLOGIA-2048x1353.jpg 2048w\" sizes=\"(max-width: 232px) 100vw, 232px\" \/><\/a><figcaption id=\"caption-attachment-1656\" class=\"wp-caption-text\">Dr. Ricardo Cu\u00e9llar<\/figcaption><\/figure><\/td>\n<td style=\"width: 31.1597%;\">\n<p><figure id=\"attachment_1654\" aria-describedby=\"caption-attachment-1654\" style=\"width: 259px\" class=\"wp-caption aligncenter\"><a href=\"https:\/\/cuellarcot.com\/index.php\/sobre-nosotros\/dr-adrian-cuellar-ayestaran\/\"><img decoding=\"async\" loading=\"lazy\" class=\"wp-image-1654\" src=\"https:\/\/cuellarcot.com\/wp-content\/uploads\/2021\/04\/DR.-ADRIAN-CUELLAR-AULA-DE-SALUD-25-DE-MARZO-TRAUMATOLOGIA-scaled.jpg\" alt=\"\" width=\"259\" height=\"151\" srcset=\"https:\/\/cuellarcot.com\/wp-content\/uploads\/2021\/04\/DR.-ADRIAN-CUELLAR-AULA-DE-SALUD-25-DE-MARZO-TRAUMATOLOGIA-scaled.jpg 2560w, https:\/\/cuellarcot.com\/wp-content\/uploads\/2021\/04\/DR.-ADRIAN-CUELLAR-AULA-DE-SALUD-25-DE-MARZO-TRAUMATOLOGIA-300x175.jpg 300w, https:\/\/cuellarcot.com\/wp-content\/uploads\/2021\/04\/DR.-ADRIAN-CUELLAR-AULA-DE-SALUD-25-DE-MARZO-TRAUMATOLOGIA-1024x599.jpg 1024w, https:\/\/cuellarcot.com\/wp-content\/uploads\/2021\/04\/DR.-ADRIAN-CUELLAR-AULA-DE-SALUD-25-DE-MARZO-TRAUMATOLOGIA-768x449.jpg 768w, https:\/\/cuellarcot.com\/wp-content\/uploads\/2021\/04\/DR.-ADRIAN-CUELLAR-AULA-DE-SALUD-25-DE-MARZO-TRAUMATOLOGIA-1536x898.jpg 1536w, https:\/\/cuellarcot.com\/wp-content\/uploads\/2021\/04\/DR.-ADRIAN-CUELLAR-AULA-DE-SALUD-25-DE-MARZO-TRAUMATOLOGIA-2048x1197.jpg 2048w\" sizes=\"(max-width: 259px) 100vw, 259px\" \/><\/a><figcaption id=\"caption-attachment-1654\" class=\"wp-caption-text\">Dr. Asier Cu\u00e9llar<\/figcaption><\/figure><\/td>\n<td style=\"width: 31.1461%;\">\n<p><figure id=\"attachment_1655\" aria-describedby=\"caption-attachment-1655\" style=\"width: 245px\" class=\"wp-caption aligncenter\"><a href=\"https:\/\/cuellarcot.com\/index.php\/sobre-nosotros\/dr-asier-cuellar-ayestaran\/\"><img decoding=\"async\" loading=\"lazy\" class=\"wp-image-1655\" src=\"https:\/\/cuellarcot.com\/wp-content\/uploads\/2021\/04\/DR.-ASIER-CUELLAR-AULA-DE-SALUD-25-DE-MARZO-TRAUMATOLOGIA.jpg\" alt=\"\" width=\"245\" height=\"152\" srcset=\"https:\/\/cuellarcot.com\/wp-content\/uploads\/2021\/04\/DR.-ASIER-CUELLAR-AULA-DE-SALUD-25-DE-MARZO-TRAUMATOLOGIA.jpg 2388w, https:\/\/cuellarcot.com\/wp-content\/uploads\/2021\/04\/DR.-ASIER-CUELLAR-AULA-DE-SALUD-25-DE-MARZO-TRAUMATOLOGIA-300x186.jpg 300w, https:\/\/cuellarcot.com\/wp-content\/uploads\/2021\/04\/DR.-ASIER-CUELLAR-AULA-DE-SALUD-25-DE-MARZO-TRAUMATOLOGIA-1024x635.jpg 1024w, https:\/\/cuellarcot.com\/wp-content\/uploads\/2021\/04\/DR.-ASIER-CUELLAR-AULA-DE-SALUD-25-DE-MARZO-TRAUMATOLOGIA-768x476.jpg 768w, https:\/\/cuellarcot.com\/wp-content\/uploads\/2021\/04\/DR.-ASIER-CUELLAR-AULA-DE-SALUD-25-DE-MARZO-TRAUMATOLOGIA-1536x953.jpg 1536w, https:\/\/cuellarcot.com\/wp-content\/uploads\/2021\/04\/DR.-ASIER-CUELLAR-AULA-DE-SALUD-25-DE-MARZO-TRAUMATOLOGIA-2048x1270.jpg 2048w\" sizes=\"(max-width: 245px) 100vw, 245px\" \/><\/a><figcaption id=\"caption-attachment-1655\" class=\"wp-caption-text\">Dr. Asier Cu\u00e9llar<\/figcaption><\/figure><\/td>\n<\/tr>\n<\/tbody>\n<\/table>\n<p><iframe loading=\"lazy\" src=\"\/\/www.youtube.com\/embed\/LcVQMrNmvwI\" allowfullscreen=\"allowfullscreen\" width=\"560\" height=\"314\"><\/iframe><\/p>\n","protected":false},"excerpt":{"rendered":"<p>El Aula de Salud titulado \u00abNovedoso por menos conocido en traumatolog\u00eda\u00bb \u00a1fue un \u00e9xito! La cita tuvo un r\u00e9cord de asistencia desde que se viene celebrando como evento h\u00edbrido, siempre respetando las medidas sanitarias. El equipo de traumatolog\u00eda que integran los traumat\u00f3logos Ricardo, Adri\u00e1n y Asier Cu\u00e9llar, junto con Alberto Hern\u00e1ndez, Juan Zaldua, Antonio Mart\u00edn [&hellip;]<\/p>\n","protected":false},"author":1,"featured_media":1643,"comment_status":"open","ping_status":"open","sticky":false,"template":"","format":"standard","meta":{"_exactmetrics_skip_tracking":false,"_exactmetrics_sitenote_active":false,"_exactmetrics_sitenote_note":"","_exactmetrics_sitenote_category":0,"ngg_post_thumbnail":0},"categories":[42,33,1],"tags":[48,37,40,59],"yoast_head":"<!-- This site is optimized with the Yoast SEO plugin v20.11 - https:\/\/yoast.com\/wordpress\/plugins\/seo\/ -->\n<title>Aulas de salud 2021 al completo: la nutrici\u00f3n no afecta a la artrosis, pero la obesidad la empeora -<\/title>\n<meta name=\"robots\" content=\"index, follow, max-snippet:-1, max-image-preview:large, max-video-preview:-1\" \/>\n<link rel=\"canonical\" href=\"https:\/\/cuellarcot.com\/index.php\/2021\/04\/06\/aulas-de-salud-2021-al-completo-la-nutricion-no-afecta-a-la-artrosis-pero-la-obesidad-la-empeora\/\" \/>\n<meta property=\"og:locale\" content=\"es_ES\" \/>\n<meta property=\"og:type\" content=\"article\" \/>\n<meta property=\"og:title\" content=\"Aulas de salud 2021 al completo: la nutrici\u00f3n no afecta a la artrosis, pero la obesidad la empeora -\" \/>\n<meta property=\"og:description\" content=\"El Aula de Salud titulado \u00abNovedoso por menos conocido en traumatolog\u00eda\u00bb \u00a1fue un \u00e9xito! La cita tuvo un r\u00e9cord de asistencia desde que se viene celebrando como evento h\u00edbrido, siempre respetando las medidas sanitarias. El equipo de traumatolog\u00eda que integran los traumat\u00f3logos Ricardo, Adri\u00e1n y Asier Cu\u00e9llar, junto con Alberto Hern\u00e1ndez, Juan Zaldua, Antonio Mart\u00edn [&hellip;]\" \/>\n<meta property=\"og:url\" content=\"https:\/\/cuellarcot.com\/index.php\/2021\/04\/06\/aulas-de-salud-2021-al-completo-la-nutricion-no-afecta-a-la-artrosis-pero-la-obesidad-la-empeora\/\" \/>\n<meta property=\"article:published_time\" content=\"2021-04-06T21:30:01+00:00\" \/>\n<meta property=\"article:modified_time\" content=\"2021-04-06T21:38:34+00:00\" \/>\n<meta property=\"og:image\" content=\"https:\/\/cuellarcot.com\/wp-content\/uploads\/2021\/03\/aulas-de-salud-21-2.gif\" \/>\n\t<meta property=\"og:image:width\" content=\"300\" \/>\n\t<meta property=\"og:image:height\" content=\"315\" \/>\n\t<meta property=\"og:image:type\" content=\"image\/gif\" \/>\n<meta name=\"author\" content=\"cuellarcot\" \/>\n<meta name=\"twitter:card\" content=\"summary_large_image\" \/>\n<meta name=\"twitter:label1\" content=\"Escrito por\" \/>\n\t<meta name=\"twitter:data1\" content=\"cuellarcot\" \/>\n\t<meta name=\"twitter:label2\" content=\"Tiempo de lectura\" \/>\n\t<meta name=\"twitter:data2\" content=\"2 minutos\" \/>\n<script type=\"application\/ld+json\" class=\"yoast-schema-graph\">{\"@context\":\"https:\/\/schema.org\",\"@graph\":[{\"@type\":\"WebPage\",\"@id\":\"https:\/\/cuellarcot.com\/index.php\/2021\/04\/06\/aulas-de-salud-2021-al-completo-la-nutricion-no-afecta-a-la-artrosis-pero-la-obesidad-la-empeora\/\",\"url\":\"https:\/\/cuellarcot.com\/index.php\/2021\/04\/06\/aulas-de-salud-2021-al-completo-la-nutricion-no-afecta-a-la-artrosis-pero-la-obesidad-la-empeora\/\",\"name\":\"Aulas de salud 2021 al completo: la nutrici\u00f3n no afecta a la artrosis, pero la obesidad la empeora -\",\"isPartOf\":{\"@id\":\"https:\/\/cuellarcot.com\/#website\"},\"datePublished\":\"2021-04-06T21:30:01+00:00\",\"dateModified\":\"2021-04-06T21:38:34+00:00\",\"author\":{\"@id\":\"https:\/\/cuellarcot.com\/#\/schema\/person\/cfb5668549a872d92be31c48167dc44f\"},\"breadcrumb\":{\"@id\":\"https:\/\/cuellarcot.com\/index.php\/2021\/04\/06\/aulas-de-salud-2021-al-completo-la-nutricion-no-afecta-a-la-artrosis-pero-la-obesidad-la-empeora\/#breadcrumb\"},\"inLanguage\":\"es\",\"potentialAction\":[{\"@type\":\"ReadAction\",\"target\":[\"https:\/\/cuellarcot.com\/index.php\/2021\/04\/06\/aulas-de-salud-2021-al-completo-la-nutricion-no-afecta-a-la-artrosis-pero-la-obesidad-la-empeora\/\"]}]},{\"@type\":\"BreadcrumbList\",\"@id\":\"https:\/\/cuellarcot.com\/index.php\/2021\/04\/06\/aulas-de-salud-2021-al-completo-la-nutricion-no-afecta-a-la-artrosis-pero-la-obesidad-la-empeora\/#breadcrumb\",\"itemListElement\":[{\"@type\":\"ListItem\",\"position\":1,\"name\":\"Portada\",\"item\":\"https:\/\/cuellarcot.com\/\"},{\"@type\":\"ListItem\",\"position\":2,\"name\":\"Aulas de salud 2021 al completo: la nutrici\u00f3n no afecta a la artrosis, pero la obesidad la empeora\"}]},{\"@type\":\"WebSite\",\"@id\":\"https:\/\/cuellarcot.com\/#website\",\"url\":\"https:\/\/cuellarcot.com\/\",\"name\":\"\",\"description\":\"Traumatolog\u00eda, Cirug\u00eda ortop\u00e9dica y Artroscopia\",\"potentialAction\":[{\"@type\":\"SearchAction\",\"target\":{\"@type\":\"EntryPoint\",\"urlTemplate\":\"https:\/\/cuellarcot.com\/?s={search_term_string}\"},\"query-input\":\"required name=search_term_string\"}],\"inLanguage\":\"es\"},{\"@type\":\"Person\",\"@id\":\"https:\/\/cuellarcot.com\/#\/schema\/person\/cfb5668549a872d92be31c48167dc44f\",\"name\":\"cuellarcot\",\"image\":{\"@type\":\"ImageObject\",\"inLanguage\":\"es\",\"@id\":\"https:\/\/cuellarcot.com\/#\/schema\/person\/image\/\",\"url\":\"https:\/\/secure.gravatar.com\/avatar\/7bf39f1a6597542e86276e8e10f0ed91?s=96&d=mm&r=g\",\"contentUrl\":\"https:\/\/secure.gravatar.com\/avatar\/7bf39f1a6597542e86276e8e10f0ed91?s=96&d=mm&r=g\",\"caption\":\"cuellarcot\"},\"sameAs\":[\"http:\/\/www.cuellarcot.com\"],\"url\":\"https:\/\/cuellarcot.com\/index.php\/author\/admin3047\/\"}]}<\/script>\n<!-- \/ Yoast SEO plugin. -->","yoast_head_json":{"title":"Aulas de salud 2021 al completo: la nutrici\u00f3n no afecta a la artrosis, pero la obesidad la empeora -","robots":{"index":"index","follow":"follow","max-snippet":"max-snippet:-1","max-image-preview":"max-image-preview:large","max-video-preview":"max-video-preview:-1"},"canonical":"https:\/\/cuellarcot.com\/index.php\/2021\/04\/06\/aulas-de-salud-2021-al-completo-la-nutricion-no-afecta-a-la-artrosis-pero-la-obesidad-la-empeora\/","og_locale":"es_ES","og_type":"article","og_title":"Aulas de salud 2021 al completo: la nutrici\u00f3n no afecta a la artrosis, pero la obesidad la empeora -","og_description":"El Aula de Salud titulado \u00abNovedoso por menos conocido en traumatolog\u00eda\u00bb \u00a1fue un \u00e9xito! La cita tuvo un r\u00e9cord de asistencia desde que se viene celebrando como evento h\u00edbrido, siempre respetando las medidas sanitarias. El equipo de traumatolog\u00eda que integran los traumat\u00f3logos Ricardo, Adri\u00e1n y Asier Cu\u00e9llar, junto con Alberto Hern\u00e1ndez, Juan Zaldua, Antonio Mart\u00edn [&hellip;]","og_url":"https:\/\/cuellarcot.com\/index.php\/2021\/04\/06\/aulas-de-salud-2021-al-completo-la-nutricion-no-afecta-a-la-artrosis-pero-la-obesidad-la-empeora\/","article_published_time":"2021-04-06T21:30:01+00:00","article_modified_time":"2021-04-06T21:38:34+00:00","og_image":[{"width":300,"height":315,"url":"https:\/\/cuellarcot.com\/wp-content\/uploads\/2021\/03\/aulas-de-salud-21-2.gif","type":"image\/gif"}],"author":"cuellarcot","twitter_card":"summary_large_image","twitter_misc":{"Escrito por":"cuellarcot","Tiempo de lectura":"2 minutos"},"schema":{"@context":"https:\/\/schema.org","@graph":[{"@type":"WebPage","@id":"https:\/\/cuellarcot.com\/index.php\/2021\/04\/06\/aulas-de-salud-2021-al-completo-la-nutricion-no-afecta-a-la-artrosis-pero-la-obesidad-la-empeora\/","url":"https:\/\/cuellarcot.com\/index.php\/2021\/04\/06\/aulas-de-salud-2021-al-completo-la-nutricion-no-afecta-a-la-artrosis-pero-la-obesidad-la-empeora\/","name":"Aulas de salud 2021 al completo: la nutrici\u00f3n no afecta a la artrosis, pero la obesidad la empeora -","isPartOf":{"@id":"https:\/\/cuellarcot.com\/#website"},"datePublished":"2021-04-06T21:30:01+00:00","dateModified":"2021-04-06T21:38:34+00:00","author":{"@id":"https:\/\/cuellarcot.com\/#\/schema\/person\/cfb5668549a872d92be31c48167dc44f"},"breadcrumb":{"@id":"https:\/\/cuellarcot.com\/index.php\/2021\/04\/06\/aulas-de-salud-2021-al-completo-la-nutricion-no-afecta-a-la-artrosis-pero-la-obesidad-la-empeora\/#breadcrumb"},"inLanguage":"es","potentialAction":[{"@type":"ReadAction","target":["https:\/\/cuellarcot.com\/index.php\/2021\/04\/06\/aulas-de-salud-2021-al-completo-la-nutricion-no-afecta-a-la-artrosis-pero-la-obesidad-la-empeora\/"]}]},{"@type":"BreadcrumbList","@id":"https:\/\/cuellarcot.com\/index.php\/2021\/04\/06\/aulas-de-salud-2021-al-completo-la-nutricion-no-afecta-a-la-artrosis-pero-la-obesidad-la-empeora\/#breadcrumb","itemListElement":[{"@type":"ListItem","position":1,"name":"Portada","item":"https:\/\/cuellarcot.com\/"},{"@type":"ListItem","position":2,"name":"Aulas de salud 2021 al completo: la nutrici\u00f3n no afecta a la artrosis, pero la obesidad la empeora"}]},{"@type":"WebSite","@id":"https:\/\/cuellarcot.com\/#website","url":"https:\/\/cuellarcot.com\/","name":"","description":"Traumatolog\u00eda, Cirug\u00eda ortop\u00e9dica y Artroscopia","potentialAction":[{"@type":"SearchAction","target":{"@type":"EntryPoint","urlTemplate":"https:\/\/cuellarcot.com\/?s={search_term_string}"},"query-input":"required name=search_term_string"}],"inLanguage":"es"},{"@type":"Person","@id":"https:\/\/cuellarcot.com\/#\/schema\/person\/cfb5668549a872d92be31c48167dc44f","name":"cuellarcot","image":{"@type":"ImageObject","inLanguage":"es","@id":"https:\/\/cuellarcot.com\/#\/schema\/person\/image\/","url":"https:\/\/secure.gravatar.com\/avatar\/7bf39f1a6597542e86276e8e10f0ed91?s=96&d=mm&r=g","contentUrl":"https:\/\/secure.gravatar.com\/avatar\/7bf39f1a6597542e86276e8e10f0ed91?s=96&d=mm&r=g","caption":"cuellarcot"},"sameAs":["http:\/\/www.cuellarcot.com"],"url":"https:\/\/cuellarcot.com\/index.php\/author\/admin3047\/"}]}},"_links":{"self":[{"href":"https:\/\/cuellarcot.com\/index.php\/wp-json\/wp\/v2\/posts\/1659"}],"collection":[{"href":"https:\/\/cuellarcot.com\/index.php\/wp-json\/wp\/v2\/posts"}],"about":[{"href":"https:\/\/cuellarcot.com\/index.php\/wp-json\/wp\/v2\/types\/post"}],"author":[{"embeddable":true,"href":"https:\/\/cuellarcot.com\/index.php\/wp-json\/wp\/v2\/users\/1"}],"replies":[{"embeddable":true,"href":"https:\/\/cuellarcot.com\/index.php\/wp-json\/wp\/v2\/comments?post=1659"}],"version-history":[{"count":4,"href":"https:\/\/cuellarcot.com\/index.php\/wp-json\/wp\/v2\/posts\/1659\/revisions"}],"predecessor-version":[{"id":1665,"href":"https:\/\/cuellarcot.com\/index.php\/wp-json\/wp\/v2\/posts\/1659\/revisions\/1665"}],"wp:featuredmedia":[{"embeddable":true,"href":"https:\/\/cuellarcot.com\/index.php\/wp-json\/wp\/v2\/media\/1643"}],"wp:attachment":[{"href":"https:\/\/cuellarcot.com\/index.php\/wp-json\/wp\/v2\/media?parent=1659"}],"wp:term":[{"taxonomy":"category","embeddable":true,"href":"https:\/\/cuellarcot.com\/index.php\/wp-json\/wp\/v2\/categories?post=1659"},{"taxonomy":"post_tag","embeddable":true,"href":"https:\/\/cuellarcot.com\/index.php\/wp-json\/wp\/v2\/tags?post=1659"}],"curies":[{"name":"wp","href":"https:\/\/api.w.org\/{rel}","templated":true}]}}