{"id":2067,"date":"2022-02-27T14:09:13","date_gmt":"2022-02-27T13:09:13","guid":{"rendered":"https:\/\/cuellarcot.com\/?p=2067"},"modified":"2022-02-27T14:12:45","modified_gmt":"2022-02-27T13:12:45","slug":"el-dr-ricardo-cuellar-participa-en-el-6o-curso-de-artroscopia-de-hombro","status":"publish","type":"post","link":"https:\/\/cuellarcot.com\/index.php\/2022\/02\/27\/el-dr-ricardo-cuellar-participa-en-el-6o-curso-de-artroscopia-de-hombro\/","title":{"rendered":"El Dr. Ricardo Cu\u00e9llar participa en el 6\u00ba Curso  de Artroscopia de Hombro"},"content":{"rendered":"<p class=\"western\" align=\"justify\"><span style=\"color: #757575;\"><span style=\"font-family: Helvetica, serif;\"><span style=\"font-size: medium;\">El Dr. Ricardo Cu\u00e9llar particip\u00f3 los d\u00edas 18 y 19 de febrero como ponente en el 6\u00ba Curso b\u00e1sico te\u00f3rico-pr\u00e1ctico de Artroscopia de Hombro para Enfermer\u00eda y Traumatolog\u00eda. Las jornadas se llevaron a cabo en el Hospital MAZ de Zaragoza. Durante el curso el traumat\u00f3logo particip\u00f3 en una sesi\u00f3n te\u00f3rica sobre \u00abArticulaci\u00f3n glenohumeral y sus problemas\u00bb. Tambi\u00e9n moder\u00f3 la sesi\u00f3n pr\u00e1ctica de videot\u00e9cnicas en artroscopia de hombro con taller de nudos artrosc\u00f3picos.<\/span><\/span><\/span><\/p>\n","protected":false},"excerpt":{"rendered":"<p>El Dr. Ricardo Cu\u00e9llar particip\u00f3 los d\u00edas 18 y 19 de febrero como ponente en el 6\u00ba Curso b\u00e1sico te\u00f3rico-pr\u00e1ctico de Artroscopia de Hombro para Enfermer\u00eda y Traumatolog\u00eda. Las jornadas se llevaron a cabo en el Hospital MAZ de Zaragoza. Durante el curso el traumat\u00f3logo particip\u00f3 en una sesi\u00f3n te\u00f3rica sobre \u00abArticulaci\u00f3n glenohumeral y sus [&hellip;]<\/p>\n","protected":false},"author":1,"featured_media":2068,"comment_status":"open","ping_status":"open","sticky":false,"template":"","format":"standard","meta":{"_exactmetrics_skip_tracking":false,"_exactmetrics_sitenote_active":false,"_exactmetrics_sitenote_note":"","_exactmetrics_sitenote_category":0,"ngg_post_thumbnail":0},"categories":[42],"tags":[8,53,75],"yoast_head":"<!-- This site is optimized with the Yoast SEO plugin v20.11 - https:\/\/yoast.com\/wordpress\/plugins\/seo\/ -->\n<title>El Dr. Ricardo Cu\u00e9llar participa en el 6\u00ba Curso de Artroscopia de Hombro -<\/title>\n<meta name=\"robots\" content=\"index, follow, max-snippet:-1, max-image-preview:large, max-video-preview:-1\" \/>\n<link rel=\"canonical\" href=\"https:\/\/cuellarcot.com\/index.php\/2022\/02\/27\/el-dr-ricardo-cuellar-participa-en-el-6o-curso-de-artroscopia-de-hombro\/\" \/>\n<meta property=\"og:locale\" content=\"es_ES\" \/>\n<meta property=\"og:type\" content=\"article\" \/>\n<meta property=\"og:title\" content=\"El Dr. Ricardo Cu\u00e9llar participa en el 6\u00ba Curso de Artroscopia de Hombro -\" \/>\n<meta property=\"og:description\" content=\"El Dr. Ricardo Cu\u00e9llar particip\u00f3 los d\u00edas 18 y 19 de febrero como ponente en el 6\u00ba Curso b\u00e1sico te\u00f3rico-pr\u00e1ctico de Artroscopia de Hombro para Enfermer\u00eda y Traumatolog\u00eda. Las jornadas se llevaron a cabo en el Hospital MAZ de Zaragoza. Durante el curso el traumat\u00f3logo particip\u00f3 en una sesi\u00f3n te\u00f3rica sobre \u00abArticulaci\u00f3n glenohumeral y sus [&hellip;]\" \/>\n<meta property=\"og:url\" content=\"https:\/\/cuellarcot.com\/index.php\/2022\/02\/27\/el-dr-ricardo-cuellar-participa-en-el-6o-curso-de-artroscopia-de-hombro\/\" \/>\n<meta property=\"article:published_time\" content=\"2022-02-27T13:09:13+00:00\" \/>\n<meta property=\"article:modified_time\" content=\"2022-02-27T13:12:45+00:00\" \/>\n<meta property=\"og:image\" content=\"https:\/\/cuellarcot.com\/wp-content\/uploads\/2022\/02\/6ocurso-artroscopia-hombro.jpg\" \/>\n\t<meta property=\"og:image:width\" content=\"1482\" \/>\n\t<meta property=\"og:image:height\" content=\"981\" \/>\n\t<meta property=\"og:image:type\" content=\"image\/jpeg\" \/>\n<meta name=\"author\" content=\"cuellarcot\" \/>\n<meta name=\"twitter:card\" content=\"summary_large_image\" \/>\n<meta name=\"twitter:label1\" content=\"Escrito por\" \/>\n\t<meta name=\"twitter:data1\" content=\"cuellarcot\" \/>\n<script type=\"application\/ld+json\" class=\"yoast-schema-graph\">{\"@context\":\"https:\/\/schema.org\",\"@graph\":[{\"@type\":\"WebPage\",\"@id\":\"https:\/\/cuellarcot.com\/index.php\/2022\/02\/27\/el-dr-ricardo-cuellar-participa-en-el-6o-curso-de-artroscopia-de-hombro\/\",\"url\":\"https:\/\/cuellarcot.com\/index.php\/2022\/02\/27\/el-dr-ricardo-cuellar-participa-en-el-6o-curso-de-artroscopia-de-hombro\/\",\"name\":\"El Dr. Ricardo Cu\u00e9llar participa en el 6\u00ba Curso de Artroscopia de Hombro -\",\"isPartOf\":{\"@id\":\"https:\/\/cuellarcot.com\/#website\"},\"datePublished\":\"2022-02-27T13:09:13+00:00\",\"dateModified\":\"2022-02-27T13:12:45+00:00\",\"author\":{\"@id\":\"https:\/\/cuellarcot.com\/#\/schema\/person\/cfb5668549a872d92be31c48167dc44f\"},\"breadcrumb\":{\"@id\":\"https:\/\/cuellarcot.com\/index.php\/2022\/02\/27\/el-dr-ricardo-cuellar-participa-en-el-6o-curso-de-artroscopia-de-hombro\/#breadcrumb\"},\"inLanguage\":\"es\",\"potentialAction\":[{\"@type\":\"ReadAction\",\"target\":[\"https:\/\/cuellarcot.com\/index.php\/2022\/02\/27\/el-dr-ricardo-cuellar-participa-en-el-6o-curso-de-artroscopia-de-hombro\/\"]}]},{\"@type\":\"BreadcrumbList\",\"@id\":\"https:\/\/cuellarcot.com\/index.php\/2022\/02\/27\/el-dr-ricardo-cuellar-participa-en-el-6o-curso-de-artroscopia-de-hombro\/#breadcrumb\",\"itemListElement\":[{\"@type\":\"ListItem\",\"position\":1,\"name\":\"Portada\",\"item\":\"https:\/\/cuellarcot.com\/\"},{\"@type\":\"ListItem\",\"position\":2,\"name\":\"El Dr. Ricardo Cu\u00e9llar participa en el 6\u00ba Curso de Artroscopia de Hombro\"}]},{\"@type\":\"WebSite\",\"@id\":\"https:\/\/cuellarcot.com\/#website\",\"url\":\"https:\/\/cuellarcot.com\/\",\"name\":\"\",\"description\":\"Traumatolog\u00eda, Cirug\u00eda ortop\u00e9dica y Artroscopia\",\"potentialAction\":[{\"@type\":\"SearchAction\",\"target\":{\"@type\":\"EntryPoint\",\"urlTemplate\":\"https:\/\/cuellarcot.com\/?s={search_term_string}\"},\"query-input\":\"required name=search_term_string\"}],\"inLanguage\":\"es\"},{\"@type\":\"Person\",\"@id\":\"https:\/\/cuellarcot.com\/#\/schema\/person\/cfb5668549a872d92be31c48167dc44f\",\"name\":\"cuellarcot\",\"image\":{\"@type\":\"ImageObject\",\"inLanguage\":\"es\",\"@id\":\"https:\/\/cuellarcot.com\/#\/schema\/person\/image\/\",\"url\":\"https:\/\/secure.gravatar.com\/avatar\/7bf39f1a6597542e86276e8e10f0ed91?s=96&d=mm&r=g\",\"contentUrl\":\"https:\/\/secure.gravatar.com\/avatar\/7bf39f1a6597542e86276e8e10f0ed91?s=96&d=mm&r=g\",\"caption\":\"cuellarcot\"},\"sameAs\":[\"http:\/\/www.cuellarcot.com\"],\"url\":\"https:\/\/cuellarcot.com\/index.php\/author\/admin3047\/\"}]}<\/script>\n<!-- \/ Yoast SEO plugin. -->","yoast_head_json":{"title":"El Dr. Ricardo Cu\u00e9llar participa en el 6\u00ba Curso de Artroscopia de Hombro -","robots":{"index":"index","follow":"follow","max-snippet":"max-snippet:-1","max-image-preview":"max-image-preview:large","max-video-preview":"max-video-preview:-1"},"canonical":"https:\/\/cuellarcot.com\/index.php\/2022\/02\/27\/el-dr-ricardo-cuellar-participa-en-el-6o-curso-de-artroscopia-de-hombro\/","og_locale":"es_ES","og_type":"article","og_title":"El Dr. Ricardo Cu\u00e9llar participa en el 6\u00ba Curso de Artroscopia de Hombro -","og_description":"El Dr. Ricardo Cu\u00e9llar particip\u00f3 los d\u00edas 18 y 19 de febrero como ponente en el 6\u00ba Curso b\u00e1sico te\u00f3rico-pr\u00e1ctico de Artroscopia de Hombro para Enfermer\u00eda y Traumatolog\u00eda. Las jornadas se llevaron a cabo en el Hospital MAZ de Zaragoza. Durante el curso el traumat\u00f3logo particip\u00f3 en una sesi\u00f3n te\u00f3rica sobre \u00abArticulaci\u00f3n glenohumeral y sus [&hellip;]","og_url":"https:\/\/cuellarcot.com\/index.php\/2022\/02\/27\/el-dr-ricardo-cuellar-participa-en-el-6o-curso-de-artroscopia-de-hombro\/","article_published_time":"2022-02-27T13:09:13+00:00","article_modified_time":"2022-02-27T13:12:45+00:00","og_image":[{"width":1482,"height":981,"url":"https:\/\/cuellarcot.com\/wp-content\/uploads\/2022\/02\/6ocurso-artroscopia-hombro.jpg","type":"image\/jpeg"}],"author":"cuellarcot","twitter_card":"summary_large_image","twitter_misc":{"Escrito por":"cuellarcot"},"schema":{"@context":"https:\/\/schema.org","@graph":[{"@type":"WebPage","@id":"https:\/\/cuellarcot.com\/index.php\/2022\/02\/27\/el-dr-ricardo-cuellar-participa-en-el-6o-curso-de-artroscopia-de-hombro\/","url":"https:\/\/cuellarcot.com\/index.php\/2022\/02\/27\/el-dr-ricardo-cuellar-participa-en-el-6o-curso-de-artroscopia-de-hombro\/","name":"El Dr. Ricardo Cu\u00e9llar participa en el 6\u00ba Curso de Artroscopia de Hombro -","isPartOf":{"@id":"https:\/\/cuellarcot.com\/#website"},"datePublished":"2022-02-27T13:09:13+00:00","dateModified":"2022-02-27T13:12:45+00:00","author":{"@id":"https:\/\/cuellarcot.com\/#\/schema\/person\/cfb5668549a872d92be31c48167dc44f"},"breadcrumb":{"@id":"https:\/\/cuellarcot.com\/index.php\/2022\/02\/27\/el-dr-ricardo-cuellar-participa-en-el-6o-curso-de-artroscopia-de-hombro\/#breadcrumb"},"inLanguage":"es","potentialAction":[{"@type":"ReadAction","target":["https:\/\/cuellarcot.com\/index.php\/2022\/02\/27\/el-dr-ricardo-cuellar-participa-en-el-6o-curso-de-artroscopia-de-hombro\/"]}]},{"@type":"BreadcrumbList","@id":"https:\/\/cuellarcot.com\/index.php\/2022\/02\/27\/el-dr-ricardo-cuellar-participa-en-el-6o-curso-de-artroscopia-de-hombro\/#breadcrumb","itemListElement":[{"@type":"ListItem","position":1,"name":"Portada","item":"https:\/\/cuellarcot.com\/"},{"@type":"ListItem","position":2,"name":"El Dr. Ricardo Cu\u00e9llar participa en el 6\u00ba Curso de Artroscopia de Hombro"}]},{"@type":"WebSite","@id":"https:\/\/cuellarcot.com\/#website","url":"https:\/\/cuellarcot.com\/","name":"","description":"Traumatolog\u00eda, Cirug\u00eda ortop\u00e9dica y Artroscopia","potentialAction":[{"@type":"SearchAction","target":{"@type":"EntryPoint","urlTemplate":"https:\/\/cuellarcot.com\/?s={search_term_string}"},"query-input":"required name=search_term_string"}],"inLanguage":"es"},{"@type":"Person","@id":"https:\/\/cuellarcot.com\/#\/schema\/person\/cfb5668549a872d92be31c48167dc44f","name":"cuellarcot","image":{"@type":"ImageObject","inLanguage":"es","@id":"https:\/\/cuellarcot.com\/#\/schema\/person\/image\/","url":"https:\/\/secure.gravatar.com\/avatar\/7bf39f1a6597542e86276e8e10f0ed91?s=96&d=mm&r=g","contentUrl":"https:\/\/secure.gravatar.com\/avatar\/7bf39f1a6597542e86276e8e10f0ed91?s=96&d=mm&r=g","caption":"cuellarcot"},"sameAs":["http:\/\/www.cuellarcot.com"],"url":"https:\/\/cuellarcot.com\/index.php\/author\/admin3047\/"}]}},"_links":{"self":[{"href":"https:\/\/cuellarcot.com\/index.php\/wp-json\/wp\/v2\/posts\/2067"}],"collection":[{"href":"https:\/\/cuellarcot.com\/index.php\/wp-json\/wp\/v2\/posts"}],"about":[{"href":"https:\/\/cuellarcot.com\/index.php\/wp-json\/wp\/v2\/types\/post"}],"author":[{"embeddable":true,"href":"https:\/\/cuellarcot.com\/index.php\/wp-json\/wp\/v2\/users\/1"}],"replies":[{"embeddable":true,"href":"https:\/\/cuellarcot.com\/index.php\/wp-json\/wp\/v2\/comments?post=2067"}],"version-history":[{"count":2,"href":"https:\/\/cuellarcot.com\/index.php\/wp-json\/wp\/v2\/posts\/2067\/revisions"}],"predecessor-version":[{"id":2073,"href":"https:\/\/cuellarcot.com\/index.php\/wp-json\/wp\/v2\/posts\/2067\/revisions\/2073"}],"wp:featuredmedia":[{"embeddable":true,"href":"https:\/\/cuellarcot.com\/index.php\/wp-json\/wp\/v2\/media\/2068"}],"wp:attachment":[{"href":"https:\/\/cuellarcot.com\/index.php\/wp-json\/wp\/v2\/media?parent=2067"}],"wp:term":[{"taxonomy":"category","embeddable":true,"href":"https:\/\/cuellarcot.com\/index.php\/wp-json\/wp\/v2\/categories?post=2067"},{"taxonomy":"post_tag","embeddable":true,"href":"https:\/\/cuellarcot.com\/index.php\/wp-json\/wp\/v2\/tags?post=2067"}],"curies":[{"name":"wp","href":"https:\/\/api.w.org\/{rel}","templated":true}]}}