{"id":2084,"date":"2022-05-18T22:24:13","date_gmt":"2022-05-18T20:24:13","guid":{"rendered":"https:\/\/cuellarcot.com\/?p=2084"},"modified":"2022-05-18T22:24:13","modified_gmt":"2022-05-18T20:24:13","slug":"inauguracion-del-aula-de-formacion-en-artroscopia-en-la-universidad-del-pais-vasco","status":"publish","type":"post","link":"https:\/\/cuellarcot.com\/index.php\/2022\/05\/18\/inauguracion-del-aula-de-formacion-en-artroscopia-en-la-universidad-del-pais-vasco\/","title":{"rendered":"Inauguraci\u00f3n del Aula de Formaci\u00f3n en Artroscopia en la Universidad del Pa\u00eds Vasco"},"content":{"rendered":"<p>El <a href=\"https:\/\/cuellarcot.com\/index.php\/sobre-nosotros\/dr-ricardo-cuellar-gutierrez\/\">Dr. Ricardo Cu\u00e9llar<\/a> ha fomentado la creaci\u00f3n de esta nueva aula<\/p>\n<figure id=\"attachment_2086\" aria-describedby=\"caption-attachment-2086\" style=\"width: 651px\" class=\"wp-caption aligncenter\"><img decoding=\"async\" loading=\"lazy\" class=\"wp-image-2086\" src=\"https:\/\/cuellarcot.com\/wp-content\/uploads\/2022\/05\/unnamed1.jpg\" alt=\"\" width=\"651\" height=\"354\" srcset=\"https:\/\/cuellarcot.com\/wp-content\/uploads\/2022\/05\/unnamed1.jpg 1793w, https:\/\/cuellarcot.com\/wp-content\/uploads\/2022\/05\/unnamed1-300x163.jpg 300w, https:\/\/cuellarcot.com\/wp-content\/uploads\/2022\/05\/unnamed1-1024x557.jpg 1024w, https:\/\/cuellarcot.com\/wp-content\/uploads\/2022\/05\/unnamed1-768x418.jpg 768w, https:\/\/cuellarcot.com\/wp-content\/uploads\/2022\/05\/unnamed1-1536x836.jpg 1536w\" sizes=\"(max-width: 651px) 100vw, 651px\" \/><figcaption id=\"caption-attachment-2086\" class=\"wp-caption-text\">De izquierda a derecha: Yolanda Torres (Secretar\u00eda &#8211; Congresos Donosti), Jordi Argemi (Business Development Manager de Smith&amp;Nephew Espa\u00f1a); Dr Jos\u00e9 Antonio Guerrero (H.U Cruces); yo; la Vicedecana de \u00c1reas Cl\u00ednicas de la UPV. A la derecha de la torre de artroscopia: los dos primeros alumnos, la Dra Mercedes Campoamor y el Dr Esteban Arag\u00f3n, ambos del HU Cruces y el Profesor Ignacio Garc\u00eda-Alonso (Profesor Titular del Departamento de Medicina y Radiolog\u00eda y Medicina f\u00edsica de la UPV \/ EHU).<\/figcaption><\/figure>\n<p>&nbsp;<\/p>\n<p>El pasado viernes 6 de mayo, se inaugur\u00f3 oficialmente el Aula de Formaci\u00f3n en Artroscopia Smith&amp;Nephew en la Facultad de Medicina y Enfermer\u00eda del Pa\u00eds Vasco.<\/p>\n<p>Gracias al impulso del <strong>traumat\u00f3logo de Policl\u00ednica Gipuzkoa Ricardo Cu\u00e9llar<\/strong> se ha podido cerrar el acuerdo de colaboraci\u00f3n entre la empresa de tecnolog\u00eda m\u00e9dica Smith&amp;Nephew y el Departamento de Cirug\u00eda y Radiolog\u00eda y Medicina F\u00edsica de la Universidad del Pa\u00eds Vasco (UPV\/EHU). El objetivo de este aula es fomentar la docencia, la investigaci\u00f3n y el desarrollo cient\u00edfico-tecnol\u00f3gico en t\u00e9cnicas artrosc\u00f3picas.<\/p>\n<p>Esta nueva Aula de Formaci\u00f3n, permite disponer de un lugar adecuadamente equipado para aprender todos los conocimientos necesarios en abordajes quir\u00fargicos y del manejo de los complejos equipos de navegaci\u00f3n para realizar una cirug\u00eda de precisi\u00f3n, segura y de alta calidad. Adem\u00e1s, permitir\u00e1 continuar las investigaciones en t\u00e9cnicas de cirug\u00eda artrosc\u00f3pica que se realizan en el Departamento de Cirug\u00eda y Radiolog\u00eda y Medicina.<\/p>\n<figure id=\"attachment_2087\" aria-describedby=\"caption-attachment-2087\" style=\"width: 458px\" class=\"wp-caption aligncenter\"><img decoding=\"async\" loading=\"lazy\" class=\"wp-image-2087\" src=\"https:\/\/cuellarcot.com\/wp-content\/uploads\/2022\/05\/unnamed2.jpg\" alt=\"\" width=\"458\" height=\"494\" srcset=\"https:\/\/cuellarcot.com\/wp-content\/uploads\/2022\/05\/unnamed2.jpg 1536w, https:\/\/cuellarcot.com\/wp-content\/uploads\/2022\/05\/unnamed2-278x300.jpg 278w, https:\/\/cuellarcot.com\/wp-content\/uploads\/2022\/05\/unnamed2-950x1024.jpg 950w, https:\/\/cuellarcot.com\/wp-content\/uploads\/2022\/05\/unnamed2-768x828.jpg 768w, https:\/\/cuellarcot.com\/wp-content\/uploads\/2022\/05\/unnamed2-1425x1536.jpg 1425w\" sizes=\"(max-width: 458px) 100vw, 458px\" \/><figcaption id=\"caption-attachment-2087\" class=\"wp-caption-text\">De izquierda a derecha: el Dr. Ricardo Cu\u00e9llar; Isabel L\u00f3pez-Abad\u00eda Rodrigo, Vicedecana de \u00c1reas Cl\u00ednicas de la UP\/EHU y el Dr. Jos\u00e9 Antonio Guerrero del Hospital Universitario de Cruces<\/figcaption><\/figure>\n<p>El Dr Ricardo Cu\u00e9llar viene organizando desde 2012 con el Patrocinio Cient\u00edfico de Policl\u00ednica Gipuzkoa y la colaboraci\u00f3n de Smith&amp;Nephew diversos cursos anat\u00f3micos de formaci\u00f3n teniendo como sede el Laboratorio de habilidades quir\u00fargicas del Departamento de Cirug\u00eda y Radiolog\u00eda y Medicina F\u00edsica de la UPV\/EHU.<\/p>\n<p>Esta&nbsp;colaboraci\u00f3n continuada en el tiempo ha permitido impulsar y lograr este acuerdo entre dicho Departamento de Cirug\u00eda de la UPV\/EHU y Smith&amp;Nephew. Esta empresa de material quir\u00fargico ha instalado y dotado de forma fija los equipos necesarios para realizar dichas pr\u00e1cticas de artroscopia, enfocadas en la&nbsp;mejora de&nbsp;las habilidades&nbsp;t\u00e9cnicas&nbsp;de&nbsp;<wbr>artroscopia necesarias para el adecuado ejercicio de&nbsp;su especialidad.<\/p>\n<p><span style=\"font-size: 12px;\">Fuente: <a title=\"www.policlinicagipuzkoa.com\" href=\"https:\/\/policlinicagipuzkoa.us5.list-manage.com\/track\/click?u=5d43b8dc33288b29cfa38027e&amp;id=d6b4586027&amp;e=9bc29a5f56\" target=\"_blank\" rel=\"noopener\" data-saferedirecturl=\"https:\/\/www.google.com\/url?q=https:\/\/policlinicagipuzkoa.us5.list-manage.com\/track\/click?u%3D5d43b8dc33288b29cfa38027e%26id%3Dd6b4586027%26e%3D9bc29a5f56&amp;source=gmail&amp;ust=1652990787814000&amp;usg=AOvVaw1QmLYHlUeG8YX3Nd5lLkI6\">www.policlinicagipuzkoa.com<\/a><\/span><\/p>\n","protected":false},"excerpt":{"rendered":"<p>El Dr. Ricardo Cu\u00e9llar ha fomentado la creaci\u00f3n de esta nueva aula &nbsp; El pasado viernes 6 de mayo, se inaugur\u00f3 oficialmente el Aula de Formaci\u00f3n en Artroscopia Smith&amp;Nephew en la Facultad de Medicina y Enfermer\u00eda del Pa\u00eds Vasco. Gracias al impulso del traumat\u00f3logo de Policl\u00ednica Gipuzkoa Ricardo Cu\u00e9llar se ha podido cerrar el acuerdo [&hellip;]<\/p>\n","protected":false},"author":1,"featured_media":2086,"comment_status":"open","ping_status":"open","sticky":false,"template":"","format":"standard","meta":{"_exactmetrics_skip_tracking":false,"_exactmetrics_sitenote_active":false,"_exactmetrics_sitenote_note":"","_exactmetrics_sitenote_category":0,"ngg_post_thumbnail":0},"categories":[42],"tags":[8,75],"yoast_head":"<!-- This site is optimized with the Yoast SEO plugin v20.11 - https:\/\/yoast.com\/wordpress\/plugins\/seo\/ -->\n<title>Inauguraci\u00f3n del Aula de Formaci\u00f3n en Artroscopia en la Universidad del Pa\u00eds Vasco -<\/title>\n<meta name=\"description\" content=\"El pasado viernes 6 de mayo, se inaugur\u00f3 oficialmente el Aula de Formaci\u00f3n en Artroscopia Smith&amp;Nephew en la Facultad de Medicina y Enfermer\u00eda del Pa\u00eds Vasco.\" \/>\n<meta name=\"robots\" content=\"index, follow, max-snippet:-1, max-image-preview:large, max-video-preview:-1\" \/>\n<link rel=\"canonical\" href=\"https:\/\/cuellarcot.com\/index.php\/2022\/05\/18\/inauguracion-del-aula-de-formacion-en-artroscopia-en-la-universidad-del-pais-vasco\/\" \/>\n<meta property=\"og:locale\" content=\"es_ES\" \/>\n<meta property=\"og:type\" content=\"article\" \/>\n<meta property=\"og:title\" content=\"Inauguraci\u00f3n del Aula de Formaci\u00f3n en Artroscopia en la Universidad del Pa\u00eds Vasco -\" \/>\n<meta property=\"og:description\" content=\"El pasado viernes 6 de mayo, se inaugur\u00f3 oficialmente el Aula de Formaci\u00f3n en Artroscopia Smith&amp;Nephew en la Facultad de Medicina y Enfermer\u00eda del Pa\u00eds Vasco.\" \/>\n<meta property=\"og:url\" content=\"https:\/\/cuellarcot.com\/index.php\/2022\/05\/18\/inauguracion-del-aula-de-formacion-en-artroscopia-en-la-universidad-del-pais-vasco\/\" \/>\n<meta property=\"article:published_time\" content=\"2022-05-18T20:24:13+00:00\" \/>\n<meta property=\"og:image\" content=\"https:\/\/cuellarcot.com\/wp-content\/uploads\/2022\/05\/unnamed1.jpg\" \/>\n\t<meta property=\"og:image:width\" content=\"1793\" \/>\n\t<meta property=\"og:image:height\" content=\"976\" \/>\n\t<meta property=\"og:image:type\" content=\"image\/jpeg\" \/>\n<meta name=\"author\" content=\"cuellarcot\" \/>\n<meta name=\"twitter:card\" content=\"summary_large_image\" \/>\n<meta name=\"twitter:label1\" content=\"Escrito por\" \/>\n\t<meta name=\"twitter:data1\" content=\"cuellarcot\" \/>\n\t<meta name=\"twitter:label2\" content=\"Tiempo de lectura\" \/>\n\t<meta name=\"twitter:data2\" content=\"2 minutos\" \/>\n<script type=\"application\/ld+json\" class=\"yoast-schema-graph\">{\"@context\":\"https:\/\/schema.org\",\"@graph\":[{\"@type\":\"WebPage\",\"@id\":\"https:\/\/cuellarcot.com\/index.php\/2022\/05\/18\/inauguracion-del-aula-de-formacion-en-artroscopia-en-la-universidad-del-pais-vasco\/\",\"url\":\"https:\/\/cuellarcot.com\/index.php\/2022\/05\/18\/inauguracion-del-aula-de-formacion-en-artroscopia-en-la-universidad-del-pais-vasco\/\",\"name\":\"Inauguraci\u00f3n del Aula de Formaci\u00f3n en Artroscopia en la Universidad del Pa\u00eds Vasco -\",\"isPartOf\":{\"@id\":\"https:\/\/cuellarcot.com\/#website\"},\"datePublished\":\"2022-05-18T20:24:13+00:00\",\"dateModified\":\"2022-05-18T20:24:13+00:00\",\"author\":{\"@id\":\"https:\/\/cuellarcot.com\/#\/schema\/person\/cfb5668549a872d92be31c48167dc44f\"},\"description\":\"El pasado viernes 6 de mayo, se inaugur\u00f3 oficialmente el Aula de Formaci\u00f3n en Artroscopia Smith&Nephew en la Facultad de Medicina y Enfermer\u00eda del Pa\u00eds Vasco.\",\"breadcrumb\":{\"@id\":\"https:\/\/cuellarcot.com\/index.php\/2022\/05\/18\/inauguracion-del-aula-de-formacion-en-artroscopia-en-la-universidad-del-pais-vasco\/#breadcrumb\"},\"inLanguage\":\"es\",\"potentialAction\":[{\"@type\":\"ReadAction\",\"target\":[\"https:\/\/cuellarcot.com\/index.php\/2022\/05\/18\/inauguracion-del-aula-de-formacion-en-artroscopia-en-la-universidad-del-pais-vasco\/\"]}]},{\"@type\":\"BreadcrumbList\",\"@id\":\"https:\/\/cuellarcot.com\/index.php\/2022\/05\/18\/inauguracion-del-aula-de-formacion-en-artroscopia-en-la-universidad-del-pais-vasco\/#breadcrumb\",\"itemListElement\":[{\"@type\":\"ListItem\",\"position\":1,\"name\":\"Portada\",\"item\":\"https:\/\/cuellarcot.com\/\"},{\"@type\":\"ListItem\",\"position\":2,\"name\":\"Inauguraci\u00f3n del Aula de Formaci\u00f3n en Artroscopia en la Universidad del Pa\u00eds Vasco\"}]},{\"@type\":\"WebSite\",\"@id\":\"https:\/\/cuellarcot.com\/#website\",\"url\":\"https:\/\/cuellarcot.com\/\",\"name\":\"\",\"description\":\"Traumatolog\u00eda, Cirug\u00eda ortop\u00e9dica y Artroscopia\",\"potentialAction\":[{\"@type\":\"SearchAction\",\"target\":{\"@type\":\"EntryPoint\",\"urlTemplate\":\"https:\/\/cuellarcot.com\/?s={search_term_string}\"},\"query-input\":\"required name=search_term_string\"}],\"inLanguage\":\"es\"},{\"@type\":\"Person\",\"@id\":\"https:\/\/cuellarcot.com\/#\/schema\/person\/cfb5668549a872d92be31c48167dc44f\",\"name\":\"cuellarcot\",\"image\":{\"@type\":\"ImageObject\",\"inLanguage\":\"es\",\"@id\":\"https:\/\/cuellarcot.com\/#\/schema\/person\/image\/\",\"url\":\"https:\/\/secure.gravatar.com\/avatar\/7bf39f1a6597542e86276e8e10f0ed91?s=96&d=mm&r=g\",\"contentUrl\":\"https:\/\/secure.gravatar.com\/avatar\/7bf39f1a6597542e86276e8e10f0ed91?s=96&d=mm&r=g\",\"caption\":\"cuellarcot\"},\"sameAs\":[\"http:\/\/www.cuellarcot.com\"],\"url\":\"https:\/\/cuellarcot.com\/index.php\/author\/admin3047\/\"}]}<\/script>\n<!-- \/ Yoast SEO plugin. -->","yoast_head_json":{"title":"Inauguraci\u00f3n del Aula de Formaci\u00f3n en Artroscopia en la Universidad del Pa\u00eds Vasco -","description":"El pasado viernes 6 de mayo, se inaugur\u00f3 oficialmente el Aula de Formaci\u00f3n en Artroscopia Smith&Nephew en la Facultad de Medicina y Enfermer\u00eda del Pa\u00eds Vasco.","robots":{"index":"index","follow":"follow","max-snippet":"max-snippet:-1","max-image-preview":"max-image-preview:large","max-video-preview":"max-video-preview:-1"},"canonical":"https:\/\/cuellarcot.com\/index.php\/2022\/05\/18\/inauguracion-del-aula-de-formacion-en-artroscopia-en-la-universidad-del-pais-vasco\/","og_locale":"es_ES","og_type":"article","og_title":"Inauguraci\u00f3n del Aula de Formaci\u00f3n en Artroscopia en la Universidad del Pa\u00eds Vasco -","og_description":"El pasado viernes 6 de mayo, se inaugur\u00f3 oficialmente el Aula de Formaci\u00f3n en Artroscopia Smith&Nephew en la Facultad de Medicina y Enfermer\u00eda del Pa\u00eds Vasco.","og_url":"https:\/\/cuellarcot.com\/index.php\/2022\/05\/18\/inauguracion-del-aula-de-formacion-en-artroscopia-en-la-universidad-del-pais-vasco\/","article_published_time":"2022-05-18T20:24:13+00:00","og_image":[{"width":1793,"height":976,"url":"https:\/\/cuellarcot.com\/wp-content\/uploads\/2022\/05\/unnamed1.jpg","type":"image\/jpeg"}],"author":"cuellarcot","twitter_card":"summary_large_image","twitter_misc":{"Escrito por":"cuellarcot","Tiempo de lectura":"2 minutos"},"schema":{"@context":"https:\/\/schema.org","@graph":[{"@type":"WebPage","@id":"https:\/\/cuellarcot.com\/index.php\/2022\/05\/18\/inauguracion-del-aula-de-formacion-en-artroscopia-en-la-universidad-del-pais-vasco\/","url":"https:\/\/cuellarcot.com\/index.php\/2022\/05\/18\/inauguracion-del-aula-de-formacion-en-artroscopia-en-la-universidad-del-pais-vasco\/","name":"Inauguraci\u00f3n del Aula de Formaci\u00f3n en Artroscopia en la Universidad del Pa\u00eds Vasco -","isPartOf":{"@id":"https:\/\/cuellarcot.com\/#website"},"datePublished":"2022-05-18T20:24:13+00:00","dateModified":"2022-05-18T20:24:13+00:00","author":{"@id":"https:\/\/cuellarcot.com\/#\/schema\/person\/cfb5668549a872d92be31c48167dc44f"},"description":"El pasado viernes 6 de mayo, se inaugur\u00f3 oficialmente el Aula de Formaci\u00f3n en Artroscopia Smith&Nephew en la Facultad de Medicina y Enfermer\u00eda del Pa\u00eds Vasco.","breadcrumb":{"@id":"https:\/\/cuellarcot.com\/index.php\/2022\/05\/18\/inauguracion-del-aula-de-formacion-en-artroscopia-en-la-universidad-del-pais-vasco\/#breadcrumb"},"inLanguage":"es","potentialAction":[{"@type":"ReadAction","target":["https:\/\/cuellarcot.com\/index.php\/2022\/05\/18\/inauguracion-del-aula-de-formacion-en-artroscopia-en-la-universidad-del-pais-vasco\/"]}]},{"@type":"BreadcrumbList","@id":"https:\/\/cuellarcot.com\/index.php\/2022\/05\/18\/inauguracion-del-aula-de-formacion-en-artroscopia-en-la-universidad-del-pais-vasco\/#breadcrumb","itemListElement":[{"@type":"ListItem","position":1,"name":"Portada","item":"https:\/\/cuellarcot.com\/"},{"@type":"ListItem","position":2,"name":"Inauguraci\u00f3n del Aula de Formaci\u00f3n en Artroscopia en la Universidad del Pa\u00eds Vasco"}]},{"@type":"WebSite","@id":"https:\/\/cuellarcot.com\/#website","url":"https:\/\/cuellarcot.com\/","name":"","description":"Traumatolog\u00eda, Cirug\u00eda ortop\u00e9dica y Artroscopia","potentialAction":[{"@type":"SearchAction","target":{"@type":"EntryPoint","urlTemplate":"https:\/\/cuellarcot.com\/?s={search_term_string}"},"query-input":"required name=search_term_string"}],"inLanguage":"es"},{"@type":"Person","@id":"https:\/\/cuellarcot.com\/#\/schema\/person\/cfb5668549a872d92be31c48167dc44f","name":"cuellarcot","image":{"@type":"ImageObject","inLanguage":"es","@id":"https:\/\/cuellarcot.com\/#\/schema\/person\/image\/","url":"https:\/\/secure.gravatar.com\/avatar\/7bf39f1a6597542e86276e8e10f0ed91?s=96&d=mm&r=g","contentUrl":"https:\/\/secure.gravatar.com\/avatar\/7bf39f1a6597542e86276e8e10f0ed91?s=96&d=mm&r=g","caption":"cuellarcot"},"sameAs":["http:\/\/www.cuellarcot.com"],"url":"https:\/\/cuellarcot.com\/index.php\/author\/admin3047\/"}]}},"_links":{"self":[{"href":"https:\/\/cuellarcot.com\/index.php\/wp-json\/wp\/v2\/posts\/2084"}],"collection":[{"href":"https:\/\/cuellarcot.com\/index.php\/wp-json\/wp\/v2\/posts"}],"about":[{"href":"https:\/\/cuellarcot.com\/index.php\/wp-json\/wp\/v2\/types\/post"}],"author":[{"embeddable":true,"href":"https:\/\/cuellarcot.com\/index.php\/wp-json\/wp\/v2\/users\/1"}],"replies":[{"embeddable":true,"href":"https:\/\/cuellarcot.com\/index.php\/wp-json\/wp\/v2\/comments?post=2084"}],"version-history":[{"count":2,"href":"https:\/\/cuellarcot.com\/index.php\/wp-json\/wp\/v2\/posts\/2084\/revisions"}],"predecessor-version":[{"id":2088,"href":"https:\/\/cuellarcot.com\/index.php\/wp-json\/wp\/v2\/posts\/2084\/revisions\/2088"}],"wp:featuredmedia":[{"embeddable":true,"href":"https:\/\/cuellarcot.com\/index.php\/wp-json\/wp\/v2\/media\/2086"}],"wp:attachment":[{"href":"https:\/\/cuellarcot.com\/index.php\/wp-json\/wp\/v2\/media?parent=2084"}],"wp:term":[{"taxonomy":"category","embeddable":true,"href":"https:\/\/cuellarcot.com\/index.php\/wp-json\/wp\/v2\/categories?post=2084"},{"taxonomy":"post_tag","embeddable":true,"href":"https:\/\/cuellarcot.com\/index.php\/wp-json\/wp\/v2\/tags?post=2084"}],"curies":[{"name":"wp","href":"https:\/\/api.w.org\/{rel}","templated":true}]}}