{"id":2132,"date":"2022-06-12T12:19:29","date_gmt":"2022-06-12T10:19:29","guid":{"rendered":"https:\/\/cuellarcot.com\/?p=2132"},"modified":"2022-06-12T12:19:29","modified_gmt":"2022-06-12T10:19:29","slug":"premio-al-mejor-articulo-publicado-en-la-revista-espanola-de-artroscopia-y-cirugia-articular-reaca-durante-el-9o-congreso-conjunto-aea-serod","status":"publish","type":"post","link":"https:\/\/cuellarcot.com\/index.php\/2022\/06\/12\/premio-al-mejor-articulo-publicado-en-la-revista-espanola-de-artroscopia-y-cirugia-articular-reaca-durante-el-9o-congreso-conjunto-aea-serod\/","title":{"rendered":"Premio al mejor art\u00edculo publicado en la Revista Espa\u00f1ola de Artroscopia y Cirug\u00eda Articular (REACA) durante el 9\u00ba Congreso Conjunto AEA SEROD"},"content":{"rendered":"<p><span class=\"break-words\" style=\"color: #000000;\"><span dir=\"ltr\">El Dr. <a style=\"color: #000000;\" tabindex=\"-1\" href=\"https:\/\/www.linkedin.com\/in\/ACoAAATz5aUBOn1LANP5YHQluGQS8feDASoPzqg\" data-attribute-index=\"0\" data-entity-hovercard-id=\"urn:li:fs_miniProfile:ACoAAATz5aUBOn1LANP5YHQluGQS8feDASoPzqg\" data-entity-type=\"MINI_PROFILE\" aria-expanded=\"false\" aria-controls=\"undefined\">RICARDO CU\u00c9LLAR GUTI\u00c9RREZ<\/a> de Policl\u00ednica Gipuzkoa recibe el premio, de la mano del actual director de la revista el Dr. Miguel \u00c1ngel Ruiz Iban, al mejor art\u00edculo publicado en la Revista Espa\u00f1ola de Artroscopia y Cirug\u00eda Articular (REACA) durante el 9\u00ba Congreso Conjunto AEA SEROD, por el&nbsp;\u201cEstudio anat\u00f3mico sobre artrodesis subtalar: portales anterolaterales versus posterior\u201d \ud83d\udc49art<a style=\"color: #000000;\" href=\"https:\/\/lnkd.in\/evkFi_4N\" data-attribute-index=\"4\">https:\/\/lnkd.in\/evkFi_4N<\/a>.<\/p>\n<p>El art\u00edculo ha sido desarrollado merced al trabajo del Dr. Juan Zaldua<br \/>\n(autor principal) y los Drs. Asier, Adri\u00e1n y Ricardo Cuellar, todos ellos pertenecientes a <a style=\"color: #000000;\" href=\"https:\/\/www.linkedin.com\/company\/policlinica-gipuzkoa\/\" data-attribute-index=\"2\" data-entity-hovercard-id=\"urn:li:fs_miniCompany:40340875\" data-entity-type=\"MINI_COMPANY\">Policl\u00ednica Gipuzkoa<\/a> Grupo Quiron.<br \/>\nSe ha contando con la colaboraci\u00f3n del anatomista Miquel Dalmau.<br \/>\nEl trabajo se desarroll\u00f3 en las instalaciones del Departamento de Cirug\u00eda, Radiolog\u00eda y Medicina F\u00edsica en la Facultad De Medicina y Enfermer\u00eda. Universidad Del Pa\u00eds Vasco.&nbsp;<br \/>\nLeioa (VIZCAYA).<\/span><\/span><\/p>\n<p>&nbsp;<\/p>\n<p>Fuente: <a href=\"https:\/\/www.linkedin.com\/company\/congresos-donosti-s-l-\/\">CONGRESOS DONOSTI S.L.<\/a><\/p>\n","protected":false},"excerpt":{"rendered":"<p>El Dr. RICARDO CU\u00c9LLAR GUTI\u00c9RREZ de Policl\u00ednica Gipuzkoa recibe el premio, de la mano del actual director de la revista el Dr. Miguel \u00c1ngel Ruiz Iban, al mejor art\u00edculo publicado en la Revista Espa\u00f1ola de Artroscopia y Cirug\u00eda Articular (REACA) durante el 9\u00ba Congreso Conjunto AEA SEROD, por el&nbsp;\u201cEstudio anat\u00f3mico sobre artrodesis subtalar: portales anterolaterales [&hellip;]<\/p>\n","protected":false},"author":1,"featured_media":2133,"comment_status":"open","ping_status":"open","sticky":false,"template":"","format":"standard","meta":{"_exactmetrics_skip_tracking":false,"_exactmetrics_sitenote_active":false,"_exactmetrics_sitenote_note":"","_exactmetrics_sitenote_category":0,"ngg_post_thumbnail":0},"categories":[42],"tags":[16,75,47],"yoast_head":"<!-- This site is optimized with the Yoast SEO plugin v20.11 - https:\/\/yoast.com\/wordpress\/plugins\/seo\/ -->\n<title>Premio al mejor art\u00edculo publicado en la Revista Espa\u00f1ola de Artroscopia y Cirug\u00eda Articular (REACA) durante el 9\u00ba Congreso Conjunto AEA SEROD -<\/title>\n<meta name=\"robots\" content=\"index, follow, max-snippet:-1, max-image-preview:large, max-video-preview:-1\" \/>\n<link rel=\"canonical\" href=\"https:\/\/cuellarcot.com\/index.php\/2022\/06\/12\/premio-al-mejor-articulo-publicado-en-la-revista-espanola-de-artroscopia-y-cirugia-articular-reaca-durante-el-9o-congreso-conjunto-aea-serod\/\" \/>\n<meta property=\"og:locale\" content=\"es_ES\" \/>\n<meta property=\"og:type\" content=\"article\" \/>\n<meta property=\"og:title\" content=\"Premio al mejor art\u00edculo publicado en la Revista Espa\u00f1ola de Artroscopia y Cirug\u00eda Articular (REACA) durante el 9\u00ba Congreso Conjunto AEA SEROD -\" \/>\n<meta property=\"og:description\" content=\"El Dr. RICARDO CU\u00c9LLAR GUTI\u00c9RREZ de Policl\u00ednica Gipuzkoa recibe el premio, de la mano del actual director de la revista el Dr. Miguel \u00c1ngel Ruiz Iban, al mejor art\u00edculo publicado en la Revista Espa\u00f1ola de Artroscopia y Cirug\u00eda Articular (REACA) durante el 9\u00ba Congreso Conjunto AEA SEROD, por el&nbsp;\u201cEstudio anat\u00f3mico sobre artrodesis subtalar: portales anterolaterales [&hellip;]\" \/>\n<meta property=\"og:url\" content=\"https:\/\/cuellarcot.com\/index.php\/2022\/06\/12\/premio-al-mejor-articulo-publicado-en-la-revista-espanola-de-artroscopia-y-cirugia-articular-reaca-durante-el-9o-congreso-conjunto-aea-serod\/\" \/>\n<meta property=\"article:published_time\" content=\"2022-06-12T10:19:29+00:00\" \/>\n<meta property=\"og:image\" content=\"https:\/\/cuellarcot.com\/wp-content\/uploads\/2022\/06\/1654252813014.jpg\" \/>\n\t<meta property=\"og:image:width\" content=\"1024\" \/>\n\t<meta property=\"og:image:height\" content=\"768\" \/>\n\t<meta property=\"og:image:type\" content=\"image\/jpeg\" \/>\n<meta name=\"author\" content=\"cuellarcot\" \/>\n<meta name=\"twitter:card\" content=\"summary_large_image\" \/>\n<meta name=\"twitter:label1\" content=\"Escrito por\" \/>\n\t<meta name=\"twitter:data1\" content=\"cuellarcot\" \/>\n\t<meta name=\"twitter:label2\" content=\"Tiempo de lectura\" \/>\n\t<meta name=\"twitter:data2\" content=\"1 minuto\" \/>\n<script type=\"application\/ld+json\" class=\"yoast-schema-graph\">{\"@context\":\"https:\/\/schema.org\",\"@graph\":[{\"@type\":\"WebPage\",\"@id\":\"https:\/\/cuellarcot.com\/index.php\/2022\/06\/12\/premio-al-mejor-articulo-publicado-en-la-revista-espanola-de-artroscopia-y-cirugia-articular-reaca-durante-el-9o-congreso-conjunto-aea-serod\/\",\"url\":\"https:\/\/cuellarcot.com\/index.php\/2022\/06\/12\/premio-al-mejor-articulo-publicado-en-la-revista-espanola-de-artroscopia-y-cirugia-articular-reaca-durante-el-9o-congreso-conjunto-aea-serod\/\",\"name\":\"Premio al mejor art\u00edculo publicado en la Revista Espa\u00f1ola de Artroscopia y Cirug\u00eda Articular (REACA) durante el 9\u00ba Congreso Conjunto AEA SEROD -\",\"isPartOf\":{\"@id\":\"https:\/\/cuellarcot.com\/#website\"},\"datePublished\":\"2022-06-12T10:19:29+00:00\",\"dateModified\":\"2022-06-12T10:19:29+00:00\",\"author\":{\"@id\":\"https:\/\/cuellarcot.com\/#\/schema\/person\/cfb5668549a872d92be31c48167dc44f\"},\"breadcrumb\":{\"@id\":\"https:\/\/cuellarcot.com\/index.php\/2022\/06\/12\/premio-al-mejor-articulo-publicado-en-la-revista-espanola-de-artroscopia-y-cirugia-articular-reaca-durante-el-9o-congreso-conjunto-aea-serod\/#breadcrumb\"},\"inLanguage\":\"es\",\"potentialAction\":[{\"@type\":\"ReadAction\",\"target\":[\"https:\/\/cuellarcot.com\/index.php\/2022\/06\/12\/premio-al-mejor-articulo-publicado-en-la-revista-espanola-de-artroscopia-y-cirugia-articular-reaca-durante-el-9o-congreso-conjunto-aea-serod\/\"]}]},{\"@type\":\"BreadcrumbList\",\"@id\":\"https:\/\/cuellarcot.com\/index.php\/2022\/06\/12\/premio-al-mejor-articulo-publicado-en-la-revista-espanola-de-artroscopia-y-cirugia-articular-reaca-durante-el-9o-congreso-conjunto-aea-serod\/#breadcrumb\",\"itemListElement\":[{\"@type\":\"ListItem\",\"position\":1,\"name\":\"Portada\",\"item\":\"https:\/\/cuellarcot.com\/\"},{\"@type\":\"ListItem\",\"position\":2,\"name\":\"Premio al mejor art\u00edculo publicado en la Revista Espa\u00f1ola de Artroscopia y Cirug\u00eda Articular (REACA) durante el 9\u00ba Congreso Conjunto AEA SEROD\"}]},{\"@type\":\"WebSite\",\"@id\":\"https:\/\/cuellarcot.com\/#website\",\"url\":\"https:\/\/cuellarcot.com\/\",\"name\":\"\",\"description\":\"Traumatolog\u00eda, Cirug\u00eda ortop\u00e9dica y Artroscopia\",\"potentialAction\":[{\"@type\":\"SearchAction\",\"target\":{\"@type\":\"EntryPoint\",\"urlTemplate\":\"https:\/\/cuellarcot.com\/?s={search_term_string}\"},\"query-input\":\"required name=search_term_string\"}],\"inLanguage\":\"es\"},{\"@type\":\"Person\",\"@id\":\"https:\/\/cuellarcot.com\/#\/schema\/person\/cfb5668549a872d92be31c48167dc44f\",\"name\":\"cuellarcot\",\"image\":{\"@type\":\"ImageObject\",\"inLanguage\":\"es\",\"@id\":\"https:\/\/cuellarcot.com\/#\/schema\/person\/image\/\",\"url\":\"https:\/\/secure.gravatar.com\/avatar\/7bf39f1a6597542e86276e8e10f0ed91?s=96&d=mm&r=g\",\"contentUrl\":\"https:\/\/secure.gravatar.com\/avatar\/7bf39f1a6597542e86276e8e10f0ed91?s=96&d=mm&r=g\",\"caption\":\"cuellarcot\"},\"sameAs\":[\"http:\/\/www.cuellarcot.com\"],\"url\":\"https:\/\/cuellarcot.com\/index.php\/author\/admin3047\/\"}]}<\/script>\n<!-- \/ Yoast SEO plugin. -->","yoast_head_json":{"title":"Premio al mejor art\u00edculo publicado en la Revista Espa\u00f1ola de Artroscopia y Cirug\u00eda Articular (REACA) durante el 9\u00ba Congreso Conjunto AEA SEROD -","robots":{"index":"index","follow":"follow","max-snippet":"max-snippet:-1","max-image-preview":"max-image-preview:large","max-video-preview":"max-video-preview:-1"},"canonical":"https:\/\/cuellarcot.com\/index.php\/2022\/06\/12\/premio-al-mejor-articulo-publicado-en-la-revista-espanola-de-artroscopia-y-cirugia-articular-reaca-durante-el-9o-congreso-conjunto-aea-serod\/","og_locale":"es_ES","og_type":"article","og_title":"Premio al mejor art\u00edculo publicado en la Revista Espa\u00f1ola de Artroscopia y Cirug\u00eda Articular (REACA) durante el 9\u00ba Congreso Conjunto AEA SEROD -","og_description":"El Dr. RICARDO CU\u00c9LLAR GUTI\u00c9RREZ de Policl\u00ednica Gipuzkoa recibe el premio, de la mano del actual director de la revista el Dr. Miguel \u00c1ngel Ruiz Iban, al mejor art\u00edculo publicado en la Revista Espa\u00f1ola de Artroscopia y Cirug\u00eda Articular (REACA) durante el 9\u00ba Congreso Conjunto AEA SEROD, por el&nbsp;\u201cEstudio anat\u00f3mico sobre artrodesis subtalar: portales anterolaterales [&hellip;]","og_url":"https:\/\/cuellarcot.com\/index.php\/2022\/06\/12\/premio-al-mejor-articulo-publicado-en-la-revista-espanola-de-artroscopia-y-cirugia-articular-reaca-durante-el-9o-congreso-conjunto-aea-serod\/","article_published_time":"2022-06-12T10:19:29+00:00","og_image":[{"width":1024,"height":768,"url":"https:\/\/cuellarcot.com\/wp-content\/uploads\/2022\/06\/1654252813014.jpg","type":"image\/jpeg"}],"author":"cuellarcot","twitter_card":"summary_large_image","twitter_misc":{"Escrito por":"cuellarcot","Tiempo de lectura":"1 minuto"},"schema":{"@context":"https:\/\/schema.org","@graph":[{"@type":"WebPage","@id":"https:\/\/cuellarcot.com\/index.php\/2022\/06\/12\/premio-al-mejor-articulo-publicado-en-la-revista-espanola-de-artroscopia-y-cirugia-articular-reaca-durante-el-9o-congreso-conjunto-aea-serod\/","url":"https:\/\/cuellarcot.com\/index.php\/2022\/06\/12\/premio-al-mejor-articulo-publicado-en-la-revista-espanola-de-artroscopia-y-cirugia-articular-reaca-durante-el-9o-congreso-conjunto-aea-serod\/","name":"Premio al mejor art\u00edculo publicado en la Revista Espa\u00f1ola de Artroscopia y Cirug\u00eda Articular (REACA) durante el 9\u00ba Congreso Conjunto AEA SEROD -","isPartOf":{"@id":"https:\/\/cuellarcot.com\/#website"},"datePublished":"2022-06-12T10:19:29+00:00","dateModified":"2022-06-12T10:19:29+00:00","author":{"@id":"https:\/\/cuellarcot.com\/#\/schema\/person\/cfb5668549a872d92be31c48167dc44f"},"breadcrumb":{"@id":"https:\/\/cuellarcot.com\/index.php\/2022\/06\/12\/premio-al-mejor-articulo-publicado-en-la-revista-espanola-de-artroscopia-y-cirugia-articular-reaca-durante-el-9o-congreso-conjunto-aea-serod\/#breadcrumb"},"inLanguage":"es","potentialAction":[{"@type":"ReadAction","target":["https:\/\/cuellarcot.com\/index.php\/2022\/06\/12\/premio-al-mejor-articulo-publicado-en-la-revista-espanola-de-artroscopia-y-cirugia-articular-reaca-durante-el-9o-congreso-conjunto-aea-serod\/"]}]},{"@type":"BreadcrumbList","@id":"https:\/\/cuellarcot.com\/index.php\/2022\/06\/12\/premio-al-mejor-articulo-publicado-en-la-revista-espanola-de-artroscopia-y-cirugia-articular-reaca-durante-el-9o-congreso-conjunto-aea-serod\/#breadcrumb","itemListElement":[{"@type":"ListItem","position":1,"name":"Portada","item":"https:\/\/cuellarcot.com\/"},{"@type":"ListItem","position":2,"name":"Premio al mejor art\u00edculo publicado en la Revista Espa\u00f1ola de Artroscopia y Cirug\u00eda Articular (REACA) durante el 9\u00ba Congreso Conjunto AEA SEROD"}]},{"@type":"WebSite","@id":"https:\/\/cuellarcot.com\/#website","url":"https:\/\/cuellarcot.com\/","name":"","description":"Traumatolog\u00eda, Cirug\u00eda ortop\u00e9dica y Artroscopia","potentialAction":[{"@type":"SearchAction","target":{"@type":"EntryPoint","urlTemplate":"https:\/\/cuellarcot.com\/?s={search_term_string}"},"query-input":"required name=search_term_string"}],"inLanguage":"es"},{"@type":"Person","@id":"https:\/\/cuellarcot.com\/#\/schema\/person\/cfb5668549a872d92be31c48167dc44f","name":"cuellarcot","image":{"@type":"ImageObject","inLanguage":"es","@id":"https:\/\/cuellarcot.com\/#\/schema\/person\/image\/","url":"https:\/\/secure.gravatar.com\/avatar\/7bf39f1a6597542e86276e8e10f0ed91?s=96&d=mm&r=g","contentUrl":"https:\/\/secure.gravatar.com\/avatar\/7bf39f1a6597542e86276e8e10f0ed91?s=96&d=mm&r=g","caption":"cuellarcot"},"sameAs":["http:\/\/www.cuellarcot.com"],"url":"https:\/\/cuellarcot.com\/index.php\/author\/admin3047\/"}]}},"_links":{"self":[{"href":"https:\/\/cuellarcot.com\/index.php\/wp-json\/wp\/v2\/posts\/2132"}],"collection":[{"href":"https:\/\/cuellarcot.com\/index.php\/wp-json\/wp\/v2\/posts"}],"about":[{"href":"https:\/\/cuellarcot.com\/index.php\/wp-json\/wp\/v2\/types\/post"}],"author":[{"embeddable":true,"href":"https:\/\/cuellarcot.com\/index.php\/wp-json\/wp\/v2\/users\/1"}],"replies":[{"embeddable":true,"href":"https:\/\/cuellarcot.com\/index.php\/wp-json\/wp\/v2\/comments?post=2132"}],"version-history":[{"count":1,"href":"https:\/\/cuellarcot.com\/index.php\/wp-json\/wp\/v2\/posts\/2132\/revisions"}],"predecessor-version":[{"id":2134,"href":"https:\/\/cuellarcot.com\/index.php\/wp-json\/wp\/v2\/posts\/2132\/revisions\/2134"}],"wp:featuredmedia":[{"embeddable":true,"href":"https:\/\/cuellarcot.com\/index.php\/wp-json\/wp\/v2\/media\/2133"}],"wp:attachment":[{"href":"https:\/\/cuellarcot.com\/index.php\/wp-json\/wp\/v2\/media?parent=2132"}],"wp:term":[{"taxonomy":"category","embeddable":true,"href":"https:\/\/cuellarcot.com\/index.php\/wp-json\/wp\/v2\/categories?post=2132"},{"taxonomy":"post_tag","embeddable":true,"href":"https:\/\/cuellarcot.com\/index.php\/wp-json\/wp\/v2\/tags?post=2132"}],"curies":[{"name":"wp","href":"https:\/\/api.w.org\/{rel}","templated":true}]}}