{"id":725,"date":"2018-05-09T13:06:14","date_gmt":"2018-05-09T11:06:14","guid":{"rendered":"http:\/\/cuellarcot.com\/?p=725"},"modified":"2018-05-09T13:14:58","modified_gmt":"2018-05-09T11:14:58","slug":"congreso-de-la-asociacion-norteamericana-de-artroscopia-aana","status":"publish","type":"post","link":"https:\/\/cuellarcot.com\/index.php\/2018\/05\/09\/congreso-de-la-asociacion-norteamericana-de-artroscopia-aana\/","title":{"rendered":"Congreso de la Asociaci\u00f3n Norteamericana de Artroscopia (AANA)"},"content":{"rendered":"<p><span style=\"font-size: 20px; color: #000000;\">El Dr. Ricardo Cu\u00e9llar ha participado en un acto importante representando a la Asociaci\u00f3n Espa\u00f1ola de Artroscopia (AEA) en el Congreso de la Asociaci\u00f3n Norteamericana de Artroscopia (AANA) durante los d\u00edas 25 a 28 de abril 2018.<\/span><\/p>\n<p>&nbsp;<\/p>\n<p>&nbsp;<\/p>\n<figure id=\"attachment_726\" aria-describedby=\"caption-attachment-726\" style=\"width: 374px\" class=\"wp-caption aligncenter\"><a href=\"http:\/\/cuellarcot.com\/wp-content\/uploads\/2018\/05\/ynayd8w9.bmp\"><img decoding=\"async\" loading=\"lazy\" class=\"wp-image-726\" src=\"http:\/\/cuellarcot.com\/wp-content\/uploads\/2018\/05\/ynayd8w9.bmp\" alt=\"\" width=\"374\" height=\"499\" srcset=\"https:\/\/cuellarcot.com\/wp-content\/uploads\/2018\/05\/ynayd8w9.bmp 960w, https:\/\/cuellarcot.com\/wp-content\/uploads\/2018\/05\/ynayd8w9-225x300.bmp 225w, https:\/\/cuellarcot.com\/wp-content\/uploads\/2018\/05\/ynayd8w9-768x1024.bmp 768w\" sizes=\"(max-width: 374px) 100vw, 374px\" \/><\/a><figcaption id=\"caption-attachment-726\" class=\"wp-caption-text\">1) Con el Secretario de AMECRA a m\u00ed izquierda, el Presidente de la AANA a m\u00ed derecha y cerrando el Dr Jos\u00e9 antonio guerrero, vocal tambi\u00e9n de la Junta de AEA.<\/figcaption><\/figure>\n<p>&nbsp;<\/p>\n<figure id=\"attachment_727\" aria-describedby=\"caption-attachment-727\" style=\"width: 698px\" class=\"wp-caption aligncenter\"><a href=\"http:\/\/cuellarcot.com\/wp-content\/uploads\/2018\/05\/vaguf6dv.bmp\"><img decoding=\"async\" loading=\"lazy\" class=\"wp-image-727\" src=\"http:\/\/cuellarcot.com\/wp-content\/uploads\/2018\/05\/vaguf6dv.bmp\" alt=\"\" width=\"698\" height=\"523\" srcset=\"https:\/\/cuellarcot.com\/wp-content\/uploads\/2018\/05\/vaguf6dv.bmp 1600w, https:\/\/cuellarcot.com\/wp-content\/uploads\/2018\/05\/vaguf6dv-300x225.bmp 300w, https:\/\/cuellarcot.com\/wp-content\/uploads\/2018\/05\/vaguf6dv-768x576.bmp 768w, https:\/\/cuellarcot.com\/wp-content\/uploads\/2018\/05\/vaguf6dv-1024x768.bmp 1024w\" sizes=\"(max-width: 698px) 100vw, 698px\" \/><\/a><figcaption id=\"caption-attachment-727\" class=\"wp-caption-text\">2) con todos los presidentes de las sociedades invitadas.<\/figcaption><\/figure>\n<p>&nbsp;<\/p>\n<figure id=\"attachment_729\" aria-describedby=\"caption-attachment-729\" style=\"width: 644px\" class=\"wp-caption aligncenter\"><a href=\"http:\/\/cuellarcot.com\/wp-content\/uploads\/2018\/05\/1dhz3lk6.bmp\"><img decoding=\"async\" loading=\"lazy\" class=\"wp-image-729 \" src=\"http:\/\/cuellarcot.com\/wp-content\/uploads\/2018\/05\/1dhz3lk6.bmp\" alt=\"\" width=\"644\" height=\"483\" srcset=\"https:\/\/cuellarcot.com\/wp-content\/uploads\/2018\/05\/1dhz3lk6.bmp 1280w, https:\/\/cuellarcot.com\/wp-content\/uploads\/2018\/05\/1dhz3lk6-300x225.bmp 300w, https:\/\/cuellarcot.com\/wp-content\/uploads\/2018\/05\/1dhz3lk6-768x576.bmp 768w, https:\/\/cuellarcot.com\/wp-content\/uploads\/2018\/05\/1dhz3lk6-1024x768.bmp 1024w\" sizes=\"(max-width: 644px) 100vw, 644px\" \/><\/a><figcaption id=\"caption-attachment-729\" class=\"wp-caption-text\">3) Con los Presidentes Latinoamericanos<\/figcaption><\/figure>\n<p>&nbsp;<\/p>\n<figure id=\"attachment_730\" aria-describedby=\"caption-attachment-730\" style=\"width: 542px\" class=\"wp-caption aligncenter\"><a href=\"http:\/\/cuellarcot.com\/wp-content\/uploads\/2018\/05\/ot7fdm1f.bmp\"><img decoding=\"async\" loading=\"lazy\" class=\"wp-image-730\" src=\"http:\/\/cuellarcot.com\/wp-content\/uploads\/2018\/05\/ot7fdm1f.bmp\" alt=\"\" width=\"542\" height=\"964\" srcset=\"https:\/\/cuellarcot.com\/wp-content\/uploads\/2018\/05\/ot7fdm1f.bmp 750w, https:\/\/cuellarcot.com\/wp-content\/uploads\/2018\/05\/ot7fdm1f-169x300.bmp 169w, https:\/\/cuellarcot.com\/wp-content\/uploads\/2018\/05\/ot7fdm1f-576x1024.bmp 576w\" sizes=\"(max-width: 542px) 100vw, 542px\" \/><\/a><figcaption id=\"caption-attachment-730\" class=\"wp-caption-text\">4) Imagen de twiter.<\/figcaption><\/figure>\n<p>&nbsp;<\/p>\n<p>&nbsp;<\/p>\n<p>&nbsp;<\/p>\n<p>&nbsp;<\/p>\n<p>&nbsp;<\/p>\n<p>&nbsp;<\/p>\n<p>&nbsp;<\/p>\n<p>&nbsp;<\/p>\n<p>&nbsp;<\/p>\n","protected":false},"excerpt":{"rendered":"<p>El Dr. Ricardo Cu\u00e9llar ha participado en un acto importante representando a la Asociaci\u00f3n Espa\u00f1ola de Artroscopia (AEA) en el Congreso de la Asociaci\u00f3n Norteamericana de Artroscopia (AANA) durante los d\u00edas 25 a 28 de abril 2018. &nbsp; &nbsp; &nbsp; &nbsp; &nbsp; &nbsp; &nbsp; &nbsp; &nbsp; &nbsp; &nbsp; &nbsp; &nbsp; &nbsp;<\/p>\n","protected":false},"author":1,"featured_media":727,"comment_status":"open","ping_status":"open","sticky":false,"template":"","format":"standard","meta":{"_exactmetrics_skip_tracking":false,"_exactmetrics_sitenote_active":false,"_exactmetrics_sitenote_note":"","_exactmetrics_sitenote_category":0,"ngg_post_thumbnail":0},"categories":[42,33],"tags":[8,37,39,45],"yoast_head":"<!-- This site is optimized with the Yoast SEO plugin v20.11 - https:\/\/yoast.com\/wordpress\/plugins\/seo\/ -->\n<title>Congreso de la Asociaci\u00f3n Norteamericana de Artroscopia (AANA) -<\/title>\n<meta name=\"robots\" content=\"index, follow, max-snippet:-1, max-image-preview:large, max-video-preview:-1\" \/>\n<link rel=\"canonical\" href=\"https:\/\/cuellarcot.com\/index.php\/2018\/05\/09\/congreso-de-la-asociacion-norteamericana-de-artroscopia-aana\/\" \/>\n<meta property=\"og:locale\" content=\"es_ES\" \/>\n<meta property=\"og:type\" content=\"article\" \/>\n<meta property=\"og:title\" content=\"Congreso de la Asociaci\u00f3n Norteamericana de Artroscopia (AANA) -\" \/>\n<meta property=\"og:description\" content=\"El Dr. Ricardo Cu\u00e9llar ha participado en un acto importante representando a la Asociaci\u00f3n Espa\u00f1ola de Artroscopia (AEA) en el Congreso de la Asociaci\u00f3n Norteamericana de Artroscopia (AANA) durante los d\u00edas 25 a 28 de abril 2018. &nbsp; &nbsp; &nbsp; &nbsp; &nbsp; &nbsp; &nbsp; &nbsp; &nbsp; &nbsp; &nbsp; &nbsp; &nbsp; &nbsp;\" \/>\n<meta property=\"og:url\" content=\"https:\/\/cuellarcot.com\/index.php\/2018\/05\/09\/congreso-de-la-asociacion-norteamericana-de-artroscopia-aana\/\" \/>\n<meta property=\"article:published_time\" content=\"2018-05-09T11:06:14+00:00\" \/>\n<meta property=\"article:modified_time\" content=\"2018-05-09T11:14:58+00:00\" \/>\n<meta name=\"author\" content=\"cuellarcot\" \/>\n<meta name=\"twitter:card\" content=\"summary_large_image\" \/>\n<meta name=\"twitter:image\" content=\"https:\/\/cuellarcot.com\/wp-content\/uploads\/2018\/05\/vaguf6dv.bmp\" \/>\n<meta name=\"twitter:label1\" content=\"Escrito por\" \/>\n\t<meta name=\"twitter:data1\" content=\"cuellarcot\" \/>\n\t<meta name=\"twitter:label2\" content=\"Tiempo de lectura\" \/>\n\t<meta name=\"twitter:data2\" content=\"1 minuto\" \/>\n<script type=\"application\/ld+json\" class=\"yoast-schema-graph\">{\"@context\":\"https:\/\/schema.org\",\"@graph\":[{\"@type\":\"WebPage\",\"@id\":\"https:\/\/cuellarcot.com\/index.php\/2018\/05\/09\/congreso-de-la-asociacion-norteamericana-de-artroscopia-aana\/\",\"url\":\"https:\/\/cuellarcot.com\/index.php\/2018\/05\/09\/congreso-de-la-asociacion-norteamericana-de-artroscopia-aana\/\",\"name\":\"Congreso de la Asociaci\u00f3n Norteamericana de Artroscopia (AANA) -\",\"isPartOf\":{\"@id\":\"https:\/\/cuellarcot.com\/#website\"},\"datePublished\":\"2018-05-09T11:06:14+00:00\",\"dateModified\":\"2018-05-09T11:14:58+00:00\",\"author\":{\"@id\":\"https:\/\/cuellarcot.com\/#\/schema\/person\/cfb5668549a872d92be31c48167dc44f\"},\"breadcrumb\":{\"@id\":\"https:\/\/cuellarcot.com\/index.php\/2018\/05\/09\/congreso-de-la-asociacion-norteamericana-de-artroscopia-aana\/#breadcrumb\"},\"inLanguage\":\"es\",\"potentialAction\":[{\"@type\":\"ReadAction\",\"target\":[\"https:\/\/cuellarcot.com\/index.php\/2018\/05\/09\/congreso-de-la-asociacion-norteamericana-de-artroscopia-aana\/\"]}]},{\"@type\":\"BreadcrumbList\",\"@id\":\"https:\/\/cuellarcot.com\/index.php\/2018\/05\/09\/congreso-de-la-asociacion-norteamericana-de-artroscopia-aana\/#breadcrumb\",\"itemListElement\":[{\"@type\":\"ListItem\",\"position\":1,\"name\":\"Portada\",\"item\":\"https:\/\/cuellarcot.com\/\"},{\"@type\":\"ListItem\",\"position\":2,\"name\":\"Congreso de la Asociaci\u00f3n Norteamericana de Artroscopia (AANA)\"}]},{\"@type\":\"WebSite\",\"@id\":\"https:\/\/cuellarcot.com\/#website\",\"url\":\"https:\/\/cuellarcot.com\/\",\"name\":\"\",\"description\":\"Traumatolog\u00eda, Cirug\u00eda ortop\u00e9dica y Artroscopia\",\"potentialAction\":[{\"@type\":\"SearchAction\",\"target\":{\"@type\":\"EntryPoint\",\"urlTemplate\":\"https:\/\/cuellarcot.com\/?s={search_term_string}\"},\"query-input\":\"required name=search_term_string\"}],\"inLanguage\":\"es\"},{\"@type\":\"Person\",\"@id\":\"https:\/\/cuellarcot.com\/#\/schema\/person\/cfb5668549a872d92be31c48167dc44f\",\"name\":\"cuellarcot\",\"image\":{\"@type\":\"ImageObject\",\"inLanguage\":\"es\",\"@id\":\"https:\/\/cuellarcot.com\/#\/schema\/person\/image\/\",\"url\":\"https:\/\/secure.gravatar.com\/avatar\/7bf39f1a6597542e86276e8e10f0ed91?s=96&d=mm&r=g\",\"contentUrl\":\"https:\/\/secure.gravatar.com\/avatar\/7bf39f1a6597542e86276e8e10f0ed91?s=96&d=mm&r=g\",\"caption\":\"cuellarcot\"},\"sameAs\":[\"http:\/\/www.cuellarcot.com\"],\"url\":\"https:\/\/cuellarcot.com\/index.php\/author\/admin3047\/\"}]}<\/script>\n<!-- \/ Yoast SEO plugin. -->","yoast_head_json":{"title":"Congreso de la Asociaci\u00f3n Norteamericana de Artroscopia (AANA) -","robots":{"index":"index","follow":"follow","max-snippet":"max-snippet:-1","max-image-preview":"max-image-preview:large","max-video-preview":"max-video-preview:-1"},"canonical":"https:\/\/cuellarcot.com\/index.php\/2018\/05\/09\/congreso-de-la-asociacion-norteamericana-de-artroscopia-aana\/","og_locale":"es_ES","og_type":"article","og_title":"Congreso de la Asociaci\u00f3n Norteamericana de Artroscopia (AANA) -","og_description":"El Dr. Ricardo Cu\u00e9llar ha participado en un acto importante representando a la Asociaci\u00f3n Espa\u00f1ola de Artroscopia (AEA) en el Congreso de la Asociaci\u00f3n Norteamericana de Artroscopia (AANA) durante los d\u00edas 25 a 28 de abril 2018. &nbsp; &nbsp; &nbsp; &nbsp; &nbsp; &nbsp; &nbsp; &nbsp; &nbsp; &nbsp; &nbsp; &nbsp; &nbsp; &nbsp;","og_url":"https:\/\/cuellarcot.com\/index.php\/2018\/05\/09\/congreso-de-la-asociacion-norteamericana-de-artroscopia-aana\/","article_published_time":"2018-05-09T11:06:14+00:00","article_modified_time":"2018-05-09T11:14:58+00:00","author":"cuellarcot","twitter_card":"summary_large_image","twitter_image":"https:\/\/cuellarcot.com\/wp-content\/uploads\/2018\/05\/vaguf6dv.bmp","twitter_misc":{"Escrito por":"cuellarcot","Tiempo de lectura":"1 minuto"},"schema":{"@context":"https:\/\/schema.org","@graph":[{"@type":"WebPage","@id":"https:\/\/cuellarcot.com\/index.php\/2018\/05\/09\/congreso-de-la-asociacion-norteamericana-de-artroscopia-aana\/","url":"https:\/\/cuellarcot.com\/index.php\/2018\/05\/09\/congreso-de-la-asociacion-norteamericana-de-artroscopia-aana\/","name":"Congreso de la Asociaci\u00f3n Norteamericana de Artroscopia (AANA) -","isPartOf":{"@id":"https:\/\/cuellarcot.com\/#website"},"datePublished":"2018-05-09T11:06:14+00:00","dateModified":"2018-05-09T11:14:58+00:00","author":{"@id":"https:\/\/cuellarcot.com\/#\/schema\/person\/cfb5668549a872d92be31c48167dc44f"},"breadcrumb":{"@id":"https:\/\/cuellarcot.com\/index.php\/2018\/05\/09\/congreso-de-la-asociacion-norteamericana-de-artroscopia-aana\/#breadcrumb"},"inLanguage":"es","potentialAction":[{"@type":"ReadAction","target":["https:\/\/cuellarcot.com\/index.php\/2018\/05\/09\/congreso-de-la-asociacion-norteamericana-de-artroscopia-aana\/"]}]},{"@type":"BreadcrumbList","@id":"https:\/\/cuellarcot.com\/index.php\/2018\/05\/09\/congreso-de-la-asociacion-norteamericana-de-artroscopia-aana\/#breadcrumb","itemListElement":[{"@type":"ListItem","position":1,"name":"Portada","item":"https:\/\/cuellarcot.com\/"},{"@type":"ListItem","position":2,"name":"Congreso de la Asociaci\u00f3n Norteamericana de Artroscopia (AANA)"}]},{"@type":"WebSite","@id":"https:\/\/cuellarcot.com\/#website","url":"https:\/\/cuellarcot.com\/","name":"","description":"Traumatolog\u00eda, Cirug\u00eda ortop\u00e9dica y Artroscopia","potentialAction":[{"@type":"SearchAction","target":{"@type":"EntryPoint","urlTemplate":"https:\/\/cuellarcot.com\/?s={search_term_string}"},"query-input":"required name=search_term_string"}],"inLanguage":"es"},{"@type":"Person","@id":"https:\/\/cuellarcot.com\/#\/schema\/person\/cfb5668549a872d92be31c48167dc44f","name":"cuellarcot","image":{"@type":"ImageObject","inLanguage":"es","@id":"https:\/\/cuellarcot.com\/#\/schema\/person\/image\/","url":"https:\/\/secure.gravatar.com\/avatar\/7bf39f1a6597542e86276e8e10f0ed91?s=96&d=mm&r=g","contentUrl":"https:\/\/secure.gravatar.com\/avatar\/7bf39f1a6597542e86276e8e10f0ed91?s=96&d=mm&r=g","caption":"cuellarcot"},"sameAs":["http:\/\/www.cuellarcot.com"],"url":"https:\/\/cuellarcot.com\/index.php\/author\/admin3047\/"}]}},"_links":{"self":[{"href":"https:\/\/cuellarcot.com\/index.php\/wp-json\/wp\/v2\/posts\/725"}],"collection":[{"href":"https:\/\/cuellarcot.com\/index.php\/wp-json\/wp\/v2\/posts"}],"about":[{"href":"https:\/\/cuellarcot.com\/index.php\/wp-json\/wp\/v2\/types\/post"}],"author":[{"embeddable":true,"href":"https:\/\/cuellarcot.com\/index.php\/wp-json\/wp\/v2\/users\/1"}],"replies":[{"embeddable":true,"href":"https:\/\/cuellarcot.com\/index.php\/wp-json\/wp\/v2\/comments?post=725"}],"version-history":[{"count":3,"href":"https:\/\/cuellarcot.com\/index.php\/wp-json\/wp\/v2\/posts\/725\/revisions"}],"predecessor-version":[{"id":732,"href":"https:\/\/cuellarcot.com\/index.php\/wp-json\/wp\/v2\/posts\/725\/revisions\/732"}],"wp:featuredmedia":[{"embeddable":true,"href":"https:\/\/cuellarcot.com\/index.php\/wp-json\/wp\/v2\/media\/727"}],"wp:attachment":[{"href":"https:\/\/cuellarcot.com\/index.php\/wp-json\/wp\/v2\/media?parent=725"}],"wp:term":[{"taxonomy":"category","embeddable":true,"href":"https:\/\/cuellarcot.com\/index.php\/wp-json\/wp\/v2\/categories?post=725"},{"taxonomy":"post_tag","embeddable":true,"href":"https:\/\/cuellarcot.com\/index.php\/wp-json\/wp\/v2\/tags?post=725"}],"curies":[{"name":"wp","href":"https:\/\/api.w.org\/{rel}","templated":true}]}}